{"id":527648,"date":"2025-11-11T18:10:24","date_gmt":"2025-11-11T18:10:24","guid":{"rendered":"https:\/\/www.europesays.com\/fr\/527648\/"},"modified":"2025-11-11T18:10:24","modified_gmt":"2025-11-11T18:10:24","slug":"disgrace-probleme-de-sante-la-machine-a-rumeurs-repart-de-plus-belle-apres-la-breve-disparition-de-serguei-lavrov-en-russie","status":"publish","type":"post","link":"https:\/\/www.europesays.com\/fr\/527648\/","title":{"rendered":"Disgr\u00e2ce, probl\u00e8me de sant\u00e9\u2026 La machine \u00e0 rumeurs repart de plus belle apr\u00e8s la br\u00e8ve disparition de Sergue\u00ef Lavrov en Russie"},"content":{"rendered":"<p class=\"paragraph text_align_left lp-f-body-02\">En Russie, quand on est un dirigeant politique, on ne dispara\u00eet pas pendant deux semaines sans alimenter les sp\u00e9culations. A fortiori quand on est ministre des Affaires \u00e9trang\u00e8res de Vladimir Poutine. Depuis plusieurs jours, de nombreux m\u00e9dias occidentaux s\u2019interrogeaient sur le silence prolong\u00e9 de <a href=\"https:\/\/www.leparisien.fr\/international\/une-reponse-resolue-a-lonu-le-chef-de-la-diplomatie-russe-serguei-lavrov-met-en-garde-loccident-27-09-2025-6LM7ZYSOKRFINNCDQTCWB4D3YU.php\" target=\"_self\" rel=\"nofollow noopener\">Sergue\u00ef Lavrov<\/a>, que certains observateurs n\u2019avaient pas tard\u00e9 \u00e0 interpr\u00e9ter comme le signe d\u2019une disgr\u00e2ce pr\u00e9sidentielle, motiv\u00e9e par l\u2019\u00e9chec de ses n\u00e9gociations avec les \u00c9tats-Unis.<\/p>\n<p class=\"paragraph text_align_left lp-f-body-02\">Puis Lavrov est r\u00e9apparu, comme si de rien n\u2019\u00e9tait, sans plus d\u2019explications. Le ministre a \u00e9t\u00e9 film\u00e9 ce mardi lors d\u2019une rencontre avec des m\u00e9dias russes retransmise sur les cha\u00eenes d\u2019\u00c9tat. \u00ab Nous sommes pr\u00eats \u00e0 discuter avec nos coll\u00e8gues am\u00e9ricains de la reprise des travaux pr\u00e9paratoires au sommet propos\u00e9 entre les dirigeants de la Russie et des \u00c9tats-Unis \u00bb, a-t-il simplement expliqu\u00e9.<\/p>\n<p class=\"paragraph text_align_left lp-f-body-02\">Dimanche, d\u00e9j\u00e0, l\u2019agence de presse d\u2019\u00c9tat RIA Novosti avait publi\u00e9 un entretien sur le m\u00eame th\u00e8me avec Lavrov, sans aborder les raisons de sa curieuse disparition. Interrog\u00e9 sur les discussions avec Washington, il avait alors assur\u00e9 que \u00ab des contacts sont en cours afin d\u2019envisager la poursuite du dialogue \u00bb. \u00ab Le secr\u00e9taire d\u2019\u00c9tat Marco Rubio et moi comprenons l\u2019importance d\u2019une communication r\u00e9guli\u00e8re \u00bb, avait-il ajout\u00e9, en assurant communiquer par t\u00e9l\u00e9phone avec son homologue.<\/p>\n<p>Disgr\u00e2ce ou besoin de repos ?<\/p>\n<p class=\"paragraph text_align_left lp-f-body-02\">Cette op\u00e9ration de d\u00e9minage ne devrait toutefois pas mettre un terme aux sp\u00e9culations autour de Sergue\u00ef Lavrov. Pour plusieurs m\u00e9dias occidentaux et d\u2019opposition, le fid\u00e8le poutinien, en charge de la diplomatie du Kremlin depuis 2004, serait tomb\u00e9 en disgr\u00e2ce apr\u00e8s son \u00e9chec \u00e0 <a href=\"https:\/\/www.leparisien.fr\/international\/lavrov-et-rubio-ont-discute-au-telephone-des-modalites-du-prochain-sommet-poutine-trump-20-10-2025-NCXPEO7GQVCANHPOSDVTJDD26Q.php\" target=\"_self\" rel=\"nofollow noopener\">se mettre d\u2019accord avec son homologue am\u00e9ricain Marco Rubio<\/a> sur les modalit\u00e9s d\u2019un deuxi\u00e8me sommet Poutine-Trump. Cette rencontre, initialement pr\u00e9vue \u00e0 Budapest, devait permettre \u00e0 Washington et Moscou de poursuivre les n\u00e9gociations sur l\u2019issue du conflit ukrainien, mais, fin octobre,<a href=\"https:\/\/www.leparisien.fr\/international\/ukraine\/donald-trump-na-finalement-pas-lintention-de-rencontrer-vladimir-poutine-dans-un-avenir-proche-21-10-2025-76UIE5Z7WZAUPB7JE2RZFHCETM.php\" target=\"_self\" rel=\"nofollow noopener\"> Donald Trump avait annonc\u00e9 reporter sine die le sommet<\/a>.<\/p>\n<p class=\"paragraph text_align_left lp-f-body-02\">\u00ab Cette annulation a certainement suscit\u00e9 une bronca de ceux qui au Kremlin pensent que se r\u00e9concilier avec les \u00c9tats-Unis est plus important que de gagner quelques portions de territoire en Ukraine \u00bb, estime Jean de Gliniasty, ancien ambassadeur en Russie (2009-2013) et auteur de \u00ab G\u00e9opolitique de la Russie \u00bb (\u00c9d. Eyrolles, 2025).<\/p>\n<p class=\"paragraph text_align_left lp-f-body-02\">Mais pour le directeur de recherche \u00e0 l\u2019Iris, sp\u00e9cialiste des questions russes, l\u2019imputation d\u2019un \u00e9chec diplomatique \u00e0 Sergue\u00ef Lavrov n\u2019est qu\u2019une hypoth\u00e8se parmi d\u2019autres. \u00ab \u00c0 plusieurs reprises, il avait \u00e9t\u00e9 tent\u00e9 de partir parce qu\u2019il \u00e9tait fatigu\u00e9 \u00bb, rappelle-t-il. Les suspicions autour de l\u2019\u00e9tat de sant\u00e9 du chef de la diplomatie russe de 75 ans ne sont d\u2019ailleurs pas nouvelles. Lors du G20 de Bali en 2022, les autorit\u00e9s indon\u00e9siennes avaient affirm\u00e9 que <a href=\"https:\/\/www.leparisien.fr\/international\/serguei-lavrov-la-russie-dement-les-rumeurs-autour-de-son-hospitalisation-a-bali-14-11-2022-SD4ACUDIC5AW5NIWQZOUXVZDEI.php\" target=\"_self\" rel=\"nofollow noopener\">Lavrov avait \u00e9t\u00e9 hospitalis\u00e9 pour une maladie cardiaque<\/a>. Une rumeur tr\u00e8s vite d\u00e9mentie par Moscou.<\/p>\n<p>La disgr\u00e2ce, un \u00ab dernier recours \u00bb<\/p>\n<p class=\"paragraph text_align_left lp-f-body-02\">Alors besoin de repos ou disgr\u00e2ce ? Ce qui est certain, c\u2019est que Vladimir Poutine n\u2019a pas pour habitude de se s\u00e9parer de ses soutiens ind\u00e9fectibles. \u00ab Il est r\u00e9put\u00e9 comme \u00e9tant extr\u00eamement fid\u00e8le, donc il \u00e9loigne les responsables qu\u2019en tout dernier recours \u00bb, indique Jean de Gliniasty.<\/p>\n<p class=\"paragraph text_align_left lp-f-body-02\">Dernier exemple en date, la d\u00e9mission \u00ab de son propre gr\u00e9 \u00bb du chef de cabinet adjoint Dmitri Kozak. Cet ami de longue date de Vladimir Poutine aurait montr\u00e9 \u00e0 plusieurs reprises une position critique sur la guerre en Ukraine, selon le <a href=\"https:\/\/www.nytimes.com\/2025\/08\/10\/world\/europe\/putin-russia-ukraine-war-dmitri-kozak.html\" target=\"_self\" rel=\"nofollow noopener\">New York Times<\/a>. Une piste cependant remise en doute par la politologue russe exil\u00e9e Tatiana Stanovaya, dans le<a href=\"https:\/\/kyivindependent.com\/what-the-resignation-of-technocrat-dmitry-kozak-tells-us-about-power-in-russia\/\" target=\"_self\" rel=\"nofollow noopener\"> Kyiv Independent<\/a>, pour qui \u00ab personne dans l\u2019entourage de Poutine ne peut le contredire \u00bb. \u00ab Le d\u00e9part de Kozak montre surtout qu\u2019il y a des tensions \u00e0 l\u2019int\u00e9rieur du Kremlin entre ceux qui veulent continuer la guerre et ceux qui veulent prendre la main tendue par Trump \u00bb, pr\u00e9cise Jean de Gliniasty.<\/p>\n<p class=\"paragraph text_align_left lp-f-body-02\">Autre membre du cercle des proches de Vladimir Poutine, <a href=\"https:\/\/www.leparisien.fr\/international\/russie-poutine-limoge-son-ministre-de-la-defense-conteste-serguei-choigou-12-05-2024-7TAPLWTW25EHBEGBII6FUVP6FY.php\" target=\"_self\" rel=\"nofollow noopener\">Sergue\u00ef Cho\u00efgou a \u00e9t\u00e9 d\u00e9mis de ses fonctions de ministre de la D\u00e9fense en mai 2024<\/a> apr\u00e8s 12 ans de loyaux services. Ce fid\u00e8le de Poutine a \u00e9t\u00e9 \u00e9cart\u00e9 apr\u00e8s des revers militaires essuy\u00e9s par l\u2019arm\u00e9e russe et des scandales de corruption autour de son num\u00e9ro 2 <a href=\"https:\/\/www.leparisien.fr\/international\/russie-timur-ivanov-ministre-adjoint-de-la-defense-a-ete-arrete-pour-des-soupcons-de-corruption-23-04-2024-IKFABT24BVADXANLVVRGVN4ERI.php\" target=\"_self\" rel=\"nofollow noopener\">Timour Ivanov<\/a>. Mais \u00ab il n\u2019a pas non plus \u00e9t\u00e9 maltrait\u00e9 \u00bb, souligne l\u2019ancien ambassadeur fran\u00e7ais en Russie, \u00e9voquant sa nomination dans la foul\u00e9e aux fonctions \u00e9minemment importantes du Comit\u00e9 national de s\u00e9curit\u00e9.<\/p>\n<p>Lavrov absent au G20<\/p>\n<p class=\"paragraph text_align_left lp-f-body-02\">Si la plupart des hommes de confiance de Vladimir Poutine n\u2019ont pas \u00e9t\u00e9 totalement \u00e9cart\u00e9s apr\u00e8s leur renvoi de leurs fonctions, une figure reste \u00e0 part, celle d\u2019<a href=\"https:\/\/www.leparisien.fr\/international\/il-avait-lair-condamne-deux-ans-apres-la-mort-devgueni-prigojine-sa-mere-sort-du-silence-23-08-2025-RDTVKCGJBNFXXHHZEM2XBYB2FQ.php\" target=\"_self\" rel=\"nofollow noopener\">Evgueni Prigojine<\/a>. Le chef de Wagner, membre du cercle proche de Poutine, avait \u00e9mis des critiques virulentes contre le commandement de l\u2019arm\u00e9e russe, incarn\u00e9 par Cho\u00efgou. Mais, surtout, il \u00e9tait l\u2019artisan d\u2019une <a href=\"https:\/\/www.leparisien.fr\/international\/putsch-avorte-en-russie-que-vont-devenir-evgueni-prigojine-et-sa-milice-wagner-25-06-2023-LEWZFSCTKZFWRCTHDEHCVRCCAI.php\" target=\"_self\" rel=\"nofollow noopener\">r\u00e9volte de Wagner contre Moscou en juin 2023<\/a>. Deux mois plus tard, il d\u00e9c\u00e9dait dans <a href=\"https:\/\/www.leparisien.fr\/international\/mort-devgueni-prigojine-du-putsch-au-crash-recit-de-deux-mois-de-disgrace-24-08-2023-H6CUKPCRCVGGRJ3XEKHS5FV2BE.php\" target=\"_self\" rel=\"nofollow noopener\">un crash d\u2019avion suspect<\/a>, dont la cause n\u2019a toujours pas \u00e9t\u00e9 d\u00e9termin\u00e9e.<\/p>\n<p class=\"paragraph text_align_left lp-f-body-02\">Sergue\u00ef Lavrov, lui, n\u2019a rien d\u2019un frondeur ou d\u2019un rebelle. \u00ab Lorsqu\u2019il y aura des \u00e9v\u00e9nements publics, vous allez voir le ministre \u00bb, a promis lundi le porte-parole du Kremlin, <a href=\"https:\/\/www.leparisien.fr\/international\/guerre-en-ukraine-pour-moscou-une-victoire-de-kiev-est-illusoire-10-11-2025-US4A3XSZJRAELOIS4O63F2CPKM.php\" target=\"_blank\" rel=\"nofollow noopener\">Dmitri Peskov<\/a>. Ce ne sera toutefois pas au sommet du G20 pr\u00e9vu les 22 et 23 novembre \u00e0 Johannesburg. Pour l\u2019occasion, la Russie a mandat\u00e9 un diplomate plus jeune, Maxime Orechkine, chef de cabinet adjoint du bureau pr\u00e9sidentiel.<\/p>\n","protected":false},"excerpt":{"rendered":"En Russie, quand on est un dirigeant politique, on ne dispara\u00eet pas pendant deux semaines sans alimenter les&hellip;\n","protected":false},"author":2,"featured_media":527649,"comment_status":"","ping_status":"","sticky":false,"template":"","format":"standard","meta":{"footnotes":""},"categories":[1591],"tags":[11,1887,14,12,1885,1886,132],"class_list":{"0":"post-527648","1":"post","2":"type-post","3":"status-publish","4":"format-standard","5":"has-post-thumbnail","7":"category-russie","8":"tag-actualites","9":"tag-federation-de-russie","10":"tag-international","11":"tag-news","12":"tag-russia","13":"tag-russian-federation","14":"tag-russie"},"share_on_mastodon":{"url":"https:\/\/pubeurope.com\/@fr\/115532413357355929","error":""},"_links":{"self":[{"href":"https:\/\/www.europesays.com\/fr\/wp-json\/wp\/v2\/posts\/527648","targetHints":{"allow":["GET"]}}],"collection":[{"href":"https:\/\/www.europesays.com\/fr\/wp-json\/wp\/v2\/posts"}],"about":[{"href":"https:\/\/www.europesays.com\/fr\/wp-json\/wp\/v2\/types\/post"}],"author":[{"embeddable":true,"href":"https:\/\/www.europesays.com\/fr\/wp-json\/wp\/v2\/users\/2"}],"replies":[{"embeddable":true,"href":"https:\/\/www.europesays.com\/fr\/wp-json\/wp\/v2\/comments?post=527648"}],"version-history":[{"count":0,"href":"https:\/\/www.europesays.com\/fr\/wp-json\/wp\/v2\/posts\/527648\/revisions"}],"wp:featuredmedia":[{"embeddable":true,"href":"https:\/\/www.europesays.com\/fr\/wp-json\/wp\/v2\/media\/527649"}],"wp:attachment":[{"href":"https:\/\/www.europesays.com\/fr\/wp-json\/wp\/v2\/media?parent=527648"}],"wp:term":[{"taxonomy":"category","embeddable":true,"href":"https:\/\/www.europesays.com\/fr\/wp-json\/wp\/v2\/categories?post=527648"},{"taxonomy":"post_tag","embeddable":true,"href":"https:\/\/www.europesays.com\/fr\/wp-json\/wp\/v2\/tags?post=527648"}],"curies":[{"name":"wp","href":"https:\/\/api.w.org\/{rel}","templated":true}]}}