{"id":527652,"date":"2025-11-11T18:12:21","date_gmt":"2025-11-11T18:12:21","guid":{"rendered":"https:\/\/www.europesays.com\/fr\/527652\/"},"modified":"2025-11-11T18:12:21","modified_gmt":"2025-11-11T18:12:21","slug":"liran-pretend-avoir-demantele-un-reseau-despionnage-dirige-par-israel-et-les-etats-unis","status":"publish","type":"post","link":"https:\/\/www.europesays.com\/fr\/527652\/","title":{"rendered":"L&rsquo;Iran pr\u00e9tend avoir \u00ab\u00a0d\u00e9mantel\u00e9\u00a0\u00bb un r\u00e9seau d&rsquo;espionnage dirig\u00e9 par Isra\u00ebl et les Etats-Unis"},"content":{"rendered":"<p>Selon l&rsquo;Iran, ce \u00ab\u00a0r\u00e9seau\u00a0\u00bb, d\u00e9sormais \u00ab\u00a0d\u00e9mantel\u00e9\u00a0\u00bb, \u00e9tait \u00ab\u00a0dirig\u00e9 par les services de renseignement am\u00e9ricains et isra\u00e9liens\u00a0\u00bb.<\/p>\n<p>L&rsquo;Iran a annonc\u00e9 ce mardi 11 novembre avoir d\u00e9mantel\u00e9 un r\u00e9seau d&rsquo;espionnage dirig\u00e9 par les services de renseignement isra\u00e9liens et am\u00e9ricains, plusieurs mois apr\u00e8s la guerre entre la R\u00e9publique islamique et son ennemi jur\u00e9, Isra\u00ebl.<\/p>\n<p>\u00ab\u00a0Un r\u00e9seau (&#8230;) dirig\u00e9 par les services de renseignement am\u00e9ricains et isra\u00e9liens a \u00e9t\u00e9 identifi\u00e9 dans le pays et d\u00e9mantel\u00e9\u00a0\u00bb, a d\u00e9clar\u00e9 dans un communiqu\u00e9 repris par la t\u00e9l\u00e9vision d&rsquo;\u00c9tat l&rsquo;organisation du renseignement des Gardiens de la R\u00e9volution, l&rsquo;arm\u00e9e id\u00e9ologique de la R\u00e9publique islamique.<\/p>\n<p>\u00ab\u00a0L&rsquo;op\u00e9ration a \u00e9t\u00e9 men\u00e9e de mani\u00e8re coordonn\u00e9e dans plusieurs provinces\u00a0\u00bb, a ajout\u00e9 le communiqu\u00e9 qui n&rsquo;a cependant donn\u00e9 aucun d\u00e9tail sur la date et le lieu des op\u00e9rations ou le nombre d&rsquo;arrestations.<\/p>\n<p>Un cessez-le-feu avec Isra\u00ebl depuis le 24 juin<\/p>\n<p>En juin, <a href=\"https:\/\/www.bfmtv.com\/international\/plus-de-900-morts-en-iran-pendant-la-guerre-avec-israel-selon-un-media-officiel_AD-202506300428.html\" title=\"Plus de 900 morts en Iran pendant la guerre avec Isra\u00ebl, selon un m\u00e9dia officiel\" class=\"internal_link\" rel=\"nofollow noopener\" target=\"_blank\">Isra\u00ebl avait men\u00e9 des frappes sans pr\u00e9c\u00e9dent contre l&rsquo;Iran<\/a>, tuant des centaines de personnes, dont de hauts responsables militaires et des scientifiques nucl\u00e9aires. T\u00e9h\u00e9ran a ripost\u00e9 par des attaques de missiles et de drones contre Isra\u00ebl, faisant plus de 25 morts. <a href=\"https:\/\/www.bfmtv.com\/international\/moyen-orient\/iran\/sites-nucleaires-vises-intervention-americaine-12-jours-d-une-guerre-sans-precedent-entre-israel-et-l-iran_GN-202506250602.html\" title=\"Sites nucl\u00e9aires vis\u00e9s, intervention am\u00e9ricaine... 12 jours d&#039;une guerre sans pr\u00e9c\u00e9dent entre Isra\u00ebl et l&#039;Iran\" class=\"internal_link\" rel=\"nofollow noopener\" target=\"_blank\">Les \u00c9tats-Unis, alli\u00e9s d&rsquo;Isra\u00ebl<\/a>, avaient aussi men\u00e9 des frappes sur des installations nucl\u00e9aires iraniennes. Un cessez-le-feu entre l&rsquo;Iran et Isra\u00ebl est en vigueur depuis le 24 juin.<\/p>\n<p>Ces derniers mois, les autorit\u00e9s iraniennes ont annonc\u00e9 plusieurs arrestations pour espionnage et l&rsquo;ex\u00e9cution de plusieurs personnes reconnues coupables de travailler avec le Mossad.<\/p>\n<p>\u00ab\u00a0Depuis le 13\u00a0juin, les autorit\u00e9s iraniennes ont arr\u00eat\u00e9 plus de 20.000\u00a0personnes, notamment des opposants, des d\u00e9fenseurs des droits humains, des journalistes, des utilisateurs de r\u00e9seaux sociaux, des proches de victimes d\u2019ex\u00e9cutions extrajudiciaires lors de manifestations nationales, et des ressortissants \u00e9trangers\u00a0\u00bb, selon <a href=\"https:\/\/www.amnesty.org\/fr\/latest\/news\/2025\/09\/iran-authorities-unleash-wave-of-oppression-after-hostilities-with-israel\/\" target=\"_blank\" class=\"external_link\" rel=\"nofollow noopener\">un rapport d&rsquo;Amnesty International<\/a> en septembre dernier.<\/p>\n<p>Une loi, entr\u00e9e en vigueur en octobre, durcit dor\u00e9navant les sanctions \u00e0 l&rsquo;encontre d&rsquo;individus accus\u00e9s d&rsquo;espionnage au profit d&rsquo;Isra\u00ebl mais aussi des Etats-Unis, ennemi depuis quatre d\u00e9cennies.<\/p>\n","protected":false},"excerpt":{"rendered":"Selon l&rsquo;Iran, ce \u00ab\u00a0r\u00e9seau\u00a0\u00bb, d\u00e9sormais \u00ab\u00a0d\u00e9mantel\u00e9\u00a0\u00bb, \u00e9tait \u00ab\u00a0dirig\u00e9 par les services de renseignement am\u00e9ricains et isra\u00e9liens\u00a0\u00bb. L&rsquo;Iran a&hellip;\n","protected":false},"author":2,"featured_media":420727,"comment_status":"","ping_status":"","sticky":false,"template":"","format":"standard","meta":{"footnotes":""},"categories":[1589],"tags":[11,73,1866,12,1864,1865,1863,308],"class_list":{"0":"post-527652","1":"post","2":"type-post","3":"status-publish","4":"format-standard","5":"has-post-thumbnail","7":"category-etats-unis","8":"tag-actualites","9":"tag-etats-unis","10":"tag-etats-unis-damerique","11":"tag-news","12":"tag-united-states","13":"tag-united-states-of-america","14":"tag-us","15":"tag-usa"},"share_on_mastodon":{"url":"https:\/\/pubeurope.com\/@fr\/115532421427768497","error":""},"_links":{"self":[{"href":"https:\/\/www.europesays.com\/fr\/wp-json\/wp\/v2\/posts\/527652","targetHints":{"allow":["GET"]}}],"collection":[{"href":"https:\/\/www.europesays.com\/fr\/wp-json\/wp\/v2\/posts"}],"about":[{"href":"https:\/\/www.europesays.com\/fr\/wp-json\/wp\/v2\/types\/post"}],"author":[{"embeddable":true,"href":"https:\/\/www.europesays.com\/fr\/wp-json\/wp\/v2\/users\/2"}],"replies":[{"embeddable":true,"href":"https:\/\/www.europesays.com\/fr\/wp-json\/wp\/v2\/comments?post=527652"}],"version-history":[{"count":0,"href":"https:\/\/www.europesays.com\/fr\/wp-json\/wp\/v2\/posts\/527652\/revisions"}],"wp:featuredmedia":[{"embeddable":true,"href":"https:\/\/www.europesays.com\/fr\/wp-json\/wp\/v2\/media\/420727"}],"wp:attachment":[{"href":"https:\/\/www.europesays.com\/fr\/wp-json\/wp\/v2\/media?parent=527652"}],"wp:term":[{"taxonomy":"category","embeddable":true,"href":"https:\/\/www.europesays.com\/fr\/wp-json\/wp\/v2\/categories?post=527652"},{"taxonomy":"post_tag","embeddable":true,"href":"https:\/\/www.europesays.com\/fr\/wp-json\/wp\/v2\/tags?post=527652"}],"curies":[{"name":"wp","href":"https:\/\/api.w.org\/{rel}","templated":true}]}}