{"id":527655,"date":"2025-11-11T18:14:21","date_gmt":"2025-11-11T18:14:21","guid":{"rendered":"https:\/\/www.europesays.com\/fr\/527655\/"},"modified":"2025-11-11T18:14:21","modified_gmt":"2025-11-11T18:14:21","slug":"disparition-de-maddie-mccann-le-principal-suspect-desormais-sdf-lance-une-cagnotte-pour-quitter-lallemagne","status":"publish","type":"post","link":"https:\/\/www.europesays.com\/fr\/527655\/","title":{"rendered":"Disparition de Maddie McCann\u00a0: le principal suspect, d\u00e9sormais SDF, lance une cagnotte pour quitter l\u2019Allemagne"},"content":{"rendered":"<p>\n                                                                    l&rsquo;essentiel<br \/>\n                                                                Christian Brueckner, 48 ans, principal suspect dans la disparition de Madeleine McCann, a cr\u00e9\u00e9 une page GoFundMe pour financer son d\u00e9part d\u2019Allemagne.\n                            <\/p>\n<p>Un appel aux dons.\u00a0Christian Brueckner, suspect cl\u00e9 dans l\u2019affaire Madeleine McCann, a lanc\u00e9 une cagnotte en ligne pour r\u00e9unir 26\u00a0000\u00a0euros et \u00ab\u00a0quitter l\u00e9galement l\u2019Allemagne\u00a0\u00bb, note <a href=\"https:\/\/www.mirror.co.uk\/news\/world-news\/madeleine-mccann-suspects-woodland-lair-36228292\" target=\"_blank\" rel=\"noopener\">The Mirror<\/a>. R\u00e9cemment lib\u00e9r\u00e9 apr\u00e8s sept ans de prison pour le viol d\u2019une femme de 72 ans au Portugal, il s\u2019est d\u00e9clar\u00e9 sans domicile fixe et vivrait d\u00e9sormais dans les bois et les parcs de Kiel, en bordure de la mer Baltique, dans le nord de l\u2019Allemagne.<\/p>\n<p>\u00ab\u00a0Un nouveau d\u00e9part sous le soleil\u00a0\u00bb<\/p>\n<p>Le d\u00e9linquant sexuel\u00a0a provoqu\u00e9 la col\u00e8re des habitants de cette petite ville o\u00f9 il avait \u00e9t\u00e9 install\u00e9 \u00e0 sa sortie de prison. Insult\u00e9 et rejet\u00e9, il a fini par partir, avant d\u2019annoncer sur sa page<a href=\"https:\/\/www.mirror.co.uk\/news\/world-news\/madeleine-mccann-suspect-christian-brueckner-36214666\" target=\"_blank\" rel=\"noopener\"> GoFundMe <\/a>vouloir \u00ab\u00a0un nouveau d\u00e9part sous le soleil\u00a0\u00bb.<\/p>\n<p>        <img decoding=\"async\" class=\"std-img__img responsive-img\" src=\"https:\/\/www.europesays.com\/fr\/wp-content\/uploads\/2025\/11\/image.webp\" alt=\"Christian Brueckner a publi\u00e9 une photo de la tente o\u00f9 il dort en Allemagne.\"\/><\/p>\n<p>                Christian Brueckner a publi\u00e9 une photo de la tente o\u00f9 il dort en Allemagne.<br \/>\n                                    GoFundMe<\/p>\n<p>Dans son message, Brueckner sugg\u00e8re qu\u2019avec \u00ab\u00a010\u00a0euros, les gens peuvent financer son caf\u00e9 \u00e0 l\u2019a\u00e9roport\u00a0\u00bb, tandis que \u00ab\u00a050\u00a0euros permettraient d\u2019acheter un billet aller simple\u00a0\u00bb. Il promet que son d\u00e9part \u00ab\u00a0ram\u00e8nerait la paix et la tranquillit\u00e9\u00a0\u00bb \u00e0 l\u2019Allemagne.<\/p>\n<p>La justice a r\u00e9cemment lev\u00e9 les conditions qui limitaient ses d\u00e9placements, lui rendant la possibilit\u00e9 de voyager \u00e0 l\u2019\u00e9tranger. Une d\u00e9cision jug\u00e9e risqu\u00e9e par les enqu\u00eateurs, qui craignent qu\u2019une fuite du principal suspect ne complique encore l\u2019enqu\u00eate sur la disparition de Madeleine McCann, survenue en 2007 \u00e0 Praia da Luz, au Portugal.<\/p>\n","protected":false},"excerpt":{"rendered":"l&rsquo;essentiel Christian Brueckner, 48 ans, principal suspect dans la disparition de Madeleine McCann, a cr\u00e9\u00e9 une page GoFundMe&hellip;\n","protected":false},"author":2,"featured_media":527656,"comment_status":"","ping_status":"","sticky":false,"template":"","format":"standard","meta":{"footnotes":""},"categories":[1587],"tags":[11,672,1804,1805,1803,1777,674,1801,12,1802],"class_list":{"0":"post-527655","1":"post","2":"type-post","3":"status-publish","4":"format-standard","5":"has-post-thumbnail","7":"category-allemagne","8":"tag-actualites","9":"tag-allemagne","10":"tag-bundesrepublik-deutschland","11":"tag-de","12":"tag-deutschland","13":"tag-eu","14":"tag-europe","15":"tag-germany","16":"tag-news","17":"tag-republique-federale-dallemagne"},"share_on_mastodon":{"url":"https:\/\/pubeurope.com\/@fr\/115532429179391082","error":""},"_links":{"self":[{"href":"https:\/\/www.europesays.com\/fr\/wp-json\/wp\/v2\/posts\/527655","targetHints":{"allow":["GET"]}}],"collection":[{"href":"https:\/\/www.europesays.com\/fr\/wp-json\/wp\/v2\/posts"}],"about":[{"href":"https:\/\/www.europesays.com\/fr\/wp-json\/wp\/v2\/types\/post"}],"author":[{"embeddable":true,"href":"https:\/\/www.europesays.com\/fr\/wp-json\/wp\/v2\/users\/2"}],"replies":[{"embeddable":true,"href":"https:\/\/www.europesays.com\/fr\/wp-json\/wp\/v2\/comments?post=527655"}],"version-history":[{"count":0,"href":"https:\/\/www.europesays.com\/fr\/wp-json\/wp\/v2\/posts\/527655\/revisions"}],"wp:featuredmedia":[{"embeddable":true,"href":"https:\/\/www.europesays.com\/fr\/wp-json\/wp\/v2\/media\/527656"}],"wp:attachment":[{"href":"https:\/\/www.europesays.com\/fr\/wp-json\/wp\/v2\/media?parent=527655"}],"wp:term":[{"taxonomy":"category","embeddable":true,"href":"https:\/\/www.europesays.com\/fr\/wp-json\/wp\/v2\/categories?post=527655"},{"taxonomy":"post_tag","embeddable":true,"href":"https:\/\/www.europesays.com\/fr\/wp-json\/wp\/v2\/tags?post=527655"}],"curies":[{"name":"wp","href":"https:\/\/api.w.org\/{rel}","templated":true}]}}