{"id":52766,"date":"2025-04-25T21:50:08","date_gmt":"2025-04-25T21:50:08","guid":{"rendered":"https:\/\/www.europesays.com\/fr\/52766\/"},"modified":"2025-04-25T21:50:08","modified_gmt":"2025-04-25T21:50:08","slug":"letat-va-rapatrier-des-djihadistes-francais-detenus-en-irak-annonce-gerald-darmanin","status":"publish","type":"post","link":"https:\/\/www.europesays.com\/fr\/52766\/","title":{"rendered":"L&rsquo;\u00c9tat va rapatrier des djihadistes fran\u00e7ais d\u00e9tenus en Irak, annonce G\u00e9rald Darmanin"},"content":{"rendered":"<p>\u00abLes nationaux doivent terminer leur peine de prison en France. On ne peut pas demander \u00e0 l\u2019Alg\u00e9rie (ou) aux \u00c9tats-Unis de reprendre leurs nationaux touch\u00e9s par une OQTF et refuser de faire revenir les Fran\u00e7ais d\u00e9tenus \u00e0 l\u2019\u00e9tranger\u00bb, a estim\u00e9 le Garde des Sceaux dans un entretien.<\/p>\n<p class=\"fig-paragraph\">L&rsquo;\u00c9tat va rapatrier des\u00a0<a href=\"http:\/\/www.lefigaro.fr\/actualite-france\/afghanistan-syrie-sahel-somalie-ces-brasiers-djihadistes-qui-menacent-la-france-et-l-europe-20250316\" data-fig-type=\"Article\" data-gtm-custom-categorie=\"navigation\" data-gtm-custom-action=\"crossclick\" data-gtm-custom-label=\"Contextuel\" data-gtm-event=\"customEventSPE\" data-fig-domain=\"LEFIGARO\" target=\"_blank\" rel=\"noopener\">djihadistes<\/a>\u00a0fran\u00e7ais d\u00e9tenus en\u00a0<a href=\"http:\/\/www.lefigaro.fr\/politique\/il-faut-qu-il-trouve-sa-guerre-en-irak-comment-emmanuel-macron-compense-sa-faiblesse-nationale-par-son-activisme-international-20250228\" data-fig-type=\"Article\" data-gtm-custom-categorie=\"navigation\" data-gtm-custom-action=\"crossclick\" data-gtm-custom-label=\"Contextuel\" data-gtm-event=\"customEventSPE\" data-fig-domain=\"LEFIGARO\" target=\"_blank\" rel=\"noopener\">Irak<\/a>, qui demandent depuis longtemps \u00e0 purger leur peine en France, affirme le ministre de la Justice\u00a0<a href=\"http:\/\/www.lefigaro.fr\/politique\/j-ai-envie-gerald-darmanin-travaille-sur-une-candidature-pour-la-presidentielle-en-2027-20250425\" data-fig-type=\"NewsFlash\" data-gtm-custom-categorie=\"navigation\" data-gtm-custom-action=\"crossclick\" data-gtm-custom-label=\"Contextuel\" data-gtm-event=\"customEventSPE\" data-fig-domain=\"LEFIGARO\" target=\"_blank\" rel=\"noopener\">G\u00e9rald Darmanin<\/a>\u00a0dans un entretien avec des lecteurs de la Voix du Nord publi\u00e9 vendredi soir. Au cours de cet entretien, un lecteur du quotidien r\u00e9gional a demand\u00e9 \u00e0 G\u00e9rald Darmanin si l&rsquo;\u00c9tat allait rapatrier trois Nordistes d\u00e9tenus en Irak, condamn\u00e9s \u00e0 mort puis \u00e0 la prison \u00e0 vie. Le ministre a r\u00e9pondu: \u00abOui, comme c&rsquo;est le cas pour beaucoup de d\u00e9tenus fran\u00e7ais dans le monde, en Iran ou ailleurs\u00bb.<\/p>\n<p class=\"fig-paragraph\">\u00abLes nationaux doivent terminer leur peine de prison en France. J&rsquo;estime qu&rsquo;on ne peut pas demander \u00e0 l&rsquo;Alg\u00e9rie, au Maroc ou aux \u00c9tats-Unis de reprendre leurs nationaux touch\u00e9s par une\u00a0<a href=\"http:\/\/www.lefigaro.fr\/actualite-france\/pas-de-statut-directeur-sous-oqtf-les-trop-longues-derives-de-l-ecole-irakienne-de-paris-20250417\" data-fig-type=\"Article\" data-gtm-custom-categorie=\"navigation\" data-gtm-custom-action=\"crossclick\" data-gtm-custom-label=\"Contextuel\" data-gtm-event=\"customEventSPE\" data-fig-domain=\"LEFIGARO\" target=\"_blank\" rel=\"noopener\">OQTF<\/a> \u00a0et refuser de faire revenir les Fran\u00e7ais d\u00e9tenus \u00e0 l&rsquo;\u00e9tranger\u00bb, ajoute-t-il, sans donner plus de pr\u00e9cisions sur les modalit\u00e9s de ces \u00e9ventuels rapatriements.<\/p>\n<p>\u00abConditions indignes\u00bb<\/p>\n<p class=\"fig-paragraph\">Le minist\u00e8re des Affaires \u00e9trang\u00e8res n&rsquo;a pas r\u00e9pondu dans l&rsquo;imm\u00e9diat aux sollicitations de l&rsquo;AFP pour r\u00e9agir aux propos de G\u00e9rald Darmanin. \u00abLes propos du garde des Sceaux vont dans le bon sens mais il reste \u00e0 les transformer en actes, et vite\u00bb, a comment\u00e9 aupr\u00e8s de l&rsquo;AFP Marie Dos\u00e9, l&rsquo;avocate de Djamila Boutoutaou, qui a \u00e9cop\u00e9 de 20 ans de r\u00e9clusion criminelle en Irak en avril 2018. Sa cliente \u00abest gravement malade et doit \u00eatre rapatri\u00e9e de toute urgence\u00bb, a insist\u00e9 Me Dos\u00e9, soulignant avoir \u00absollicit\u00e9 son transfert \u00e0 maintes reprises, en vain\u00bb.<\/p>\n<p class=\"fig-paragraph\">De \u00abnombreux motifs\u00bb justifient le transfert de ces d\u00e9tenus, a abond\u00e9 Me Richard S\u00e9dillot, qui d\u00e9fend trois djihadistes fran\u00e7ais condamn\u00e9s en Irak, dont le Nordiste Vianney Ouraghi. Leur \u00abr\u00e9insertion\u00bb est alors \u00abbeaucoup plus simple \u00e0 organiser\u00bb, avec notamment la visite de leurs proches, a-t-il plaid\u00e9. \u00abLeur pr\u00e9sence en France permet aussi aux magistrats fran\u00e7ais de les entendre\u00bb, alors que ces personnes sont vis\u00e9es par d&rsquo;autres enqu\u00eates en cours \u00e0 Paris, a-t-il encore relev\u00e9. Me S\u00e9dillot a \u00e9galement soulign\u00e9 les \u00abconditions indignes\u00bb de d\u00e9tention de ses clients, alors qu&rsquo;une juge d&rsquo;instruction enqu\u00eate actuellement depuis Paris sur des soup\u00e7ons de tortures sur six Fran\u00e7ais condamn\u00e9s et d\u00e9tenus \u00e0 Bagdad.<\/p>\n","protected":false},"excerpt":{"rendered":"\u00abLes nationaux doivent terminer leur peine de prison en France. On ne peut pas demander \u00e0 l\u2019Alg\u00e9rie (ou)&hellip;\n","protected":false},"author":2,"featured_media":52767,"comment_status":"","ping_status":"","sticky":false,"template":"","format":"standard","meta":{"footnotes":""},"categories":[5],"tags":[11,426,427,422,423,14630,1011,27,432,418,424,425,14,420,421,12,419,316,429,428,28],"class_list":{"0":"post-52766","1":"post","2":"type-post","3":"status-publish","4":"format-standard","5":"has-post-thumbnail","7":"category-international","8":"tag-actualites","9":"tag-candidat","10":"tag-candidats","11":"tag-depute","12":"tag-deputes","13":"tag-djihadisme","14":"tag-fr","15":"tag-france","16":"tag-gerald-darmanin","17":"tag-gouvernement","18":"tag-institution","19":"tag-institutions","20":"tag-international","21":"tag-loi","22":"tag-lois","23":"tag-news","24":"tag-opposition","25":"tag-politique","26":"tag-ps","27":"tag-ump","28":"tag-world"},"share_on_mastodon":{"url":"https:\/\/pubeurope.com\/@fr\/114400816213455895","error":""},"_links":{"self":[{"href":"https:\/\/www.europesays.com\/fr\/wp-json\/wp\/v2\/posts\/52766","targetHints":{"allow":["GET"]}}],"collection":[{"href":"https:\/\/www.europesays.com\/fr\/wp-json\/wp\/v2\/posts"}],"about":[{"href":"https:\/\/www.europesays.com\/fr\/wp-json\/wp\/v2\/types\/post"}],"author":[{"embeddable":true,"href":"https:\/\/www.europesays.com\/fr\/wp-json\/wp\/v2\/users\/2"}],"replies":[{"embeddable":true,"href":"https:\/\/www.europesays.com\/fr\/wp-json\/wp\/v2\/comments?post=52766"}],"version-history":[{"count":0,"href":"https:\/\/www.europesays.com\/fr\/wp-json\/wp\/v2\/posts\/52766\/revisions"}],"wp:featuredmedia":[{"embeddable":true,"href":"https:\/\/www.europesays.com\/fr\/wp-json\/wp\/v2\/media\/52767"}],"wp:attachment":[{"href":"https:\/\/www.europesays.com\/fr\/wp-json\/wp\/v2\/media?parent=52766"}],"wp:term":[{"taxonomy":"category","embeddable":true,"href":"https:\/\/www.europesays.com\/fr\/wp-json\/wp\/v2\/categories?post=52766"},{"taxonomy":"post_tag","embeddable":true,"href":"https:\/\/www.europesays.com\/fr\/wp-json\/wp\/v2\/tags?post=52766"}],"curies":[{"name":"wp","href":"https:\/\/api.w.org\/{rel}","templated":true}]}}