{"id":527664,"date":"2025-11-11T18:19:11","date_gmt":"2025-11-11T18:19:11","guid":{"rendered":"https:\/\/www.europesays.com\/fr\/527664\/"},"modified":"2025-11-11T18:19:11","modified_gmt":"2025-11-11T18:19:11","slug":"les-soldats-morts-pour-la-france-honores-pour-le-11-novembre-a-aix-en-provence","status":"publish","type":"post","link":"https:\/\/www.europesays.com\/fr\/527664\/","title":{"rendered":"Les soldats morts pour la France honor\u00e9s pour le 11-Novembre \u00e0 Aix-en-Provence"},"content":{"rendered":"<p>Les \u00e9lus de la ville d&rsquo;Aix et les autorit\u00e9s ont comm\u00e9mor\u00e9 ce mardi 11 novembre l&rsquo;armistice de la <a href=\"https:\/\/www.laprovence.com\/article\/societe\/95153966480444\/une-exposition-sur-la-premiere-guerre-mondiale-a-decouvrir-a-la-bibliotheque-de-coudoux\" target=\"_blank\" rel=\"nofollow noopener\">Premi\u00e8re Guerre mondiale<\/a>, et rendu hommage, \u00e0 l&rsquo;occasion de cette journ\u00e9e de comm\u00e9moration, \u00e0 tous les soldats morts pour la France.<\/p>\n<p>Plusieurs c\u00e9r\u00e9monies ont jalonn\u00e9 la journ\u00e9e, depuis le matin \u00e0 la n\u00e9cropole de Luynes, jusqu&rsquo;\u00e0 celle organis\u00e9e \u00e0 15 heures place Jeanne-d&rsquo;Arc. De nombreuses personnalit\u00e9s y ont assist\u00e9, dont le maire Sophie Joissains, le d\u00e9put\u00e9 socialiste d&rsquo;Aix <a href=\"https:\/\/www.laprovence.com\/article\/politique\/4541859228951114\/le-depute-ps-daix-en-provence-marc-pena-tacle-le-rn-qui-na-pas-vote-pour-la-taxe-zucman\" target=\"_blank\" rel=\"nofollow noopener\">Marc Pena<\/a>, ou le d\u00e9put\u00e9 europ\u00e9en Renaissance Gr\u00e9gory Allione.<\/p>\n","protected":false},"excerpt":{"rendered":"Les \u00e9lus de la ville d&rsquo;Aix et les autorit\u00e9s ont comm\u00e9mor\u00e9 ce mardi 11 novembre l&rsquo;armistice de la&hellip;\n","protected":false},"author":2,"featured_media":527665,"comment_status":"","ping_status":"","sticky":false,"template":"","format":"standard","meta":{"footnotes":""},"categories":[4],"tags":[17,11,1011,27,64692,151,5184,12,471,25,104,11232],"class_list":{"0":"post-527664","1":"post","2":"type-post","3":"status-publish","4":"format-standard","5":"has-post-thumbnail","7":"category-france","8":"tag-17","9":"tag-actualites","10":"tag-fr","11":"tag-france","12":"tag-honores","13":"tag-les","14":"tag-morts","15":"tag-news","16":"tag-pour","17":"tag-republique-francaise","18":"tag-societe","19":"tag-soldats"},"share_on_mastodon":{"url":"https:\/\/pubeurope.com\/@fr\/115532448560183290","error":""},"_links":{"self":[{"href":"https:\/\/www.europesays.com\/fr\/wp-json\/wp\/v2\/posts\/527664","targetHints":{"allow":["GET"]}}],"collection":[{"href":"https:\/\/www.europesays.com\/fr\/wp-json\/wp\/v2\/posts"}],"about":[{"href":"https:\/\/www.europesays.com\/fr\/wp-json\/wp\/v2\/types\/post"}],"author":[{"embeddable":true,"href":"https:\/\/www.europesays.com\/fr\/wp-json\/wp\/v2\/users\/2"}],"replies":[{"embeddable":true,"href":"https:\/\/www.europesays.com\/fr\/wp-json\/wp\/v2\/comments?post=527664"}],"version-history":[{"count":0,"href":"https:\/\/www.europesays.com\/fr\/wp-json\/wp\/v2\/posts\/527664\/revisions"}],"wp:featuredmedia":[{"embeddable":true,"href":"https:\/\/www.europesays.com\/fr\/wp-json\/wp\/v2\/media\/527665"}],"wp:attachment":[{"href":"https:\/\/www.europesays.com\/fr\/wp-json\/wp\/v2\/media?parent=527664"}],"wp:term":[{"taxonomy":"category","embeddable":true,"href":"https:\/\/www.europesays.com\/fr\/wp-json\/wp\/v2\/categories?post=527664"},{"taxonomy":"post_tag","embeddable":true,"href":"https:\/\/www.europesays.com\/fr\/wp-json\/wp\/v2\/tags?post=527664"}],"curies":[{"name":"wp","href":"https:\/\/api.w.org\/{rel}","templated":true}]}}