{"id":527666,"date":"2025-11-11T18:22:10","date_gmt":"2025-11-11T18:22:10","guid":{"rendered":"https:\/\/www.europesays.com\/fr\/527666\/"},"modified":"2025-11-11T18:22:10","modified_gmt":"2025-11-11T18:22:10","slug":"xv-de-france-quand-jintercepte-et-que-tout-le-monde-crie-damian-penaud-devoile-son-essai-prefere-avec-les-bleus","status":"publish","type":"post","link":"https:\/\/www.europesays.com\/fr\/527666\/","title":{"rendered":"XV de France \u2013 \u00ab\u00a0Quand j\u2019intercepte et que tout le monde crie\u2026\u00a0\u00bb\u00a0: Damian Penaud d\u00e9voile son essai pr\u00e9f\u00e9r\u00e9 avec les Bleus"},"content":{"rendered":"<p>\n                Recordman d\u2019essais avec les Bleus depuis le week-end dernier et son doubl\u00e9 face aux Springboks, Damian Penaud a \u00e9t\u00e9 invit\u00e9 \u00e0 commenter certaines de ses r\u00e9alisations avec le XV de France. L\u2019ailier de l\u2019UBB a \u00e9galement avou\u00e9 sa r\u00e9alisation pr\u00e9f\u00e9r\u00e9e en s\u00e9lection.\n            <\/p>\n<p>Amis de longue date et partenaires de chambre en s\u00e9lection, Thomas Ramos et Damian Penaud se connaissent tr\u00e8s bien. Les deux hommes ont \u00e9t\u00e9 invit\u00e9s, lors d\u2019une vid\u00e9o r\u00e9alis\u00e9e par la FFR, \u00e0 commenter cinq essais inscrits par l\u2019ailier avec la tunique bleue sur les \u00e9paules. Au programme, de tr\u00e8s beaux essais. Les deux derniers \u00e9tant l\u2019essai de presque cent m\u00e8tres \u00e0 Dublin en 2023 ainsi que l\u2019exploit personnel de l\u2019ancien de Clermont contre l\u2019Australie en 2022. Ce jour-l\u00e0, le natif de Brive avait \u00ab\u00a0sauv\u00e9\u00a0\u00bb les Bleus avec une action dont il a le secret dans les derniers instants.<\/p>\n<p>Dans cet extrait, Penaud tentait de deviner les vid\u00e9os suivantes. Le champion d\u2019Europe en titre \u00e9tait persuad\u00e9 qu\u2019allait appara\u00eetre une action sp\u00e9ciale. Un soir de 2021, o\u00f9 il avait marqu\u00e9 face aux All Blacks lors de la victoire des Fran\u00e7ais (40-25). Son souhait\u00a0n\u2019a pas \u00e9t\u00e9 entendu. N\u00e9anmoins, ce moment reste grav\u00e9 dans la m\u00e9moire du fils d\u2019Alain\u00a0: \u00ab\u00a0Pour moi, le meilleur, c\u2019est celui contre les N\u00e9o-Z\u00e9landais. Quand j\u2019intercepte et que tout le monde crie\u2026\u00a0\u00bb On comprend. Le Stade de France avait explos\u00e9 pendant la course de l\u2019ailier.<\/p>\n<p>Ce week-end, <strong><a href=\"https:\/\/www.rugbyrama.fr\/2025\/11\/11\/xv-de-france-gregory-alldritt-maxime-lucu-et-charles-ollivon-avec-les-titulaires-la-compo-probable-des-bleus-pour-les-fidji-13046059.php\" target=\"_self\" rel=\"nofollow noopener\">Damian Penaud devrait \u00eatre titulaire face aux Fidji,<\/a><\/strong> lors du deuxi\u00e8me test des Bleus cet automne. Une occasion de marquer un quarante-et-uni\u00e8me essai (voire plus si affinit\u00e9s) en s\u00e9lection.<\/p>\n","protected":false},"excerpt":{"rendered":"Recordman d\u2019essais avec les Bleus depuis le week-end dernier et son doubl\u00e9 face aux Springboks, Damian Penaud a&hellip;\n","protected":false},"author":2,"featured_media":527667,"comment_status":"","ping_status":"","sticky":false,"template":"","format":"standard","meta":{"footnotes":""},"categories":[1416],"tags":[1011,27,479,1468,60],"class_list":{"0":"post-527666","1":"post","2":"type-post","3":"status-publish","4":"format-standard","5":"has-post-thumbnail","7":"category-rugby","8":"tag-fr","9":"tag-france","10":"tag-rugby","11":"tag-rugby-football","12":"tag-sports"},"share_on_mastodon":{"url":"https:\/\/pubeurope.com\/@fr\/115532460530115748","error":""},"_links":{"self":[{"href":"https:\/\/www.europesays.com\/fr\/wp-json\/wp\/v2\/posts\/527666","targetHints":{"allow":["GET"]}}],"collection":[{"href":"https:\/\/www.europesays.com\/fr\/wp-json\/wp\/v2\/posts"}],"about":[{"href":"https:\/\/www.europesays.com\/fr\/wp-json\/wp\/v2\/types\/post"}],"author":[{"embeddable":true,"href":"https:\/\/www.europesays.com\/fr\/wp-json\/wp\/v2\/users\/2"}],"replies":[{"embeddable":true,"href":"https:\/\/www.europesays.com\/fr\/wp-json\/wp\/v2\/comments?post=527666"}],"version-history":[{"count":0,"href":"https:\/\/www.europesays.com\/fr\/wp-json\/wp\/v2\/posts\/527666\/revisions"}],"wp:featuredmedia":[{"embeddable":true,"href":"https:\/\/www.europesays.com\/fr\/wp-json\/wp\/v2\/media\/527667"}],"wp:attachment":[{"href":"https:\/\/www.europesays.com\/fr\/wp-json\/wp\/v2\/media?parent=527666"}],"wp:term":[{"taxonomy":"category","embeddable":true,"href":"https:\/\/www.europesays.com\/fr\/wp-json\/wp\/v2\/categories?post=527666"},{"taxonomy":"post_tag","embeddable":true,"href":"https:\/\/www.europesays.com\/fr\/wp-json\/wp\/v2\/tags?post=527666"}],"curies":[{"name":"wp","href":"https:\/\/api.w.org\/{rel}","templated":true}]}}