{"id":527668,"date":"2025-11-11T18:23:14","date_gmt":"2025-11-11T18:23:14","guid":{"rendered":"https:\/\/www.europesays.com\/fr\/527668\/"},"modified":"2025-11-11T18:23:14","modified_gmt":"2025-11-11T18:23:14","slug":"un-temps-en-manque-de-leaders-affirmes-et-de-continuite-dans-les-resultats-le-circuit-wta-est-desormais-domine-par-un-cercle-ferme-de-joueuses-lequipe","status":"publish","type":"post","link":"https:\/\/www.europesays.com\/fr\/527668\/","title":{"rendered":"Un temps en manque de leaders affirm\u00e9s et de continuit\u00e9 dans les r\u00e9sultats, le circuit WTA est d\u00e9sormais domin\u00e9 par un cercle ferm\u00e9 de joueuses &#8211; L&#039;\u00c9quipe"},"content":{"rendered":"<ol>\n<li><a href=\"https:\/\/news.google.com\/rss\/articles\/CBMimwJBVV95cUxPVnNNV2dUMlE2LW8zZWk5Q2gtdG43TVg1RnB2VUc3bDlJZXZSZkhCQzQtRFRqS09wYU4zckcwM1dyLWVDVk5JZ1pIMEJ6MFBqZVJtb1hGQzBmYnJBSFBOMEsxdlJZaVhiTXJWYm9JV3NldmNia01LWlJSS290ejNxOXdxNksyeTNXSmpVMTNDSFp2UGNyclc2YXdjX3V2aGY1M2xhWjBZZkZfLURaZnQyMjhIQ3M5bzhRRV9va09jdy1FeFJjR08xb0NhTnRFUGhaNTdWOGY5WXVpNWJHemxkdm5WNFRqUGtSZ0gtNXR4WEUyLTkwRUR3VEhjZXM2NEVjUW80cVRMRmhVZjdmVWxFS3J3dXpXUVNPOWc0?oc=5\" target=\"_blank\" rel=\"nofollow noopener\">Un temps en manque de leaders affirm\u00e9s et de continuit\u00e9 dans les r\u00e9sultats, le circuit WTA est d\u00e9sormais domin\u00e9 par un cercle ferm\u00e9 de joueuses<\/a>&nbsp;&nbsp;L&rsquo;\u00c9quipe<\/li>\n<li><a href=\"https:\/\/news.google.com\/rss\/articles\/CBMi7AFBVV95cUxQckNxRDF3RHFyeGs4Yk5iVHdsTWVPaWZxWkFXQ0tlbjVDQzVVT0NzUWNTbEhGbzJRTmlvMnZPaGVzSnhMMENqRTg0SVZnSUR6eUZPV0oyeTRNallRVFo5SVBvWnZNTWt3QWNJQlhiRHFVMUtFRU0xRE96OU1MSE9kUU9lOFpROVhrb1UwMGVETmZUX1dZYzByQ3F0NUxQNzRWRlM2cE1xTlRkMnJOMGF3UHVjUkczQ1JwTHlYNmJwQnNrUUxCZ1dGRkUyeng4LUtQeFBBQlRKRGMtX2w0OWZKZWtFdXVfX0FxUWF2Uw?oc=5\" target=\"_blank\" rel=\"nofollow noopener\">Classement WTA I Aryna Sabalenka termine encore l&rsquo;ann\u00e9e N.1 mondiale, trois fran\u00e7aises dans le Top 100<\/a>&nbsp;&nbsp;Eurosport<\/li>\n<li><a href=\"https:\/\/news.google.com\/rss\/articles\/CBMihAFBVV95cUxQOHhMalFLS0tET2xfNHc0TFNaRzRGTW84SlZvakhucDFnaE1ITkpObzNCalBEbV9ZempnaVVydGFGUXdHU0VXX19FX1FNTUNhRW1reWNkamVpWjBTQlI2dkJ2TmFGcEZzUFFaWEVLdE5qM3h3ZXJIeHdUOW9tTE5vdmtkYzI?oc=5\" target=\"_blank\" rel=\"nofollow noopener\">Le nouvel exploit de Lo\u00efs Boisson<\/a>&nbsp;&nbsp;Sports.fr<\/li>\n<li><a href=\"https:\/\/news.google.com\/rss\/articles\/CBMimgJBVV95cUxQdlJjRzVLV0gyQkZoejQ3TkpMWkFjNWdjTE4zcGYwMHZXWkxwSXJrc2VORk02TXAzV0ZNbEJZbU1kTWhKTFZhQXg3VTNFV2xFU3ItQ2RHNXZ5NFpIWjJjQ3RxYUk0aG9UWXhVOGV4VUlUOEpCak1QQ2IzcmxXZHREY1hqTW56RGxJMUIzWWlPZk9zMnRjcGxheEpIU0FKWXNsUHZMUmFFZVpwWlY3ekJhSGlpcm1SUEJCN0FBWW9BQ2MzVTNMT0xhMGxQOUh3a01QTUszTXRINUJBRUFkMUtpNVB6VmZLTlJrUVZLUUpCWWlqNzRqQVF3Ulo4NFdvY0xIVjJCc0hpUnZUUXRmXzVWQ09mN3JMWHhzTHc?oc=5\" target=\"_blank\" rel=\"nofollow noopener\">Tennis. Un titre du Grand Chelem, 15 millions de dollars de gain\u2026 Aryna Sabalenka termine la saison n\u00b01 mondiale<\/a>&nbsp;&nbsp;Ouest-France<\/li>\n<li><a href=\"https:\/\/news.google.com\/rss\/articles\/CBMixgFBVV95cUxPV0drcHJidV94R0EzSkpwVnJxNV9sN2JMM2NYRDJ2aXFFdXJuMGdPVlAwU3k4eC1TNmhmZVdUNVhnclFZQ2lpWG5aVjhMeFdLVWJsTnd5WEhpQnZEWGF2OWpQbUxSMzN0ckcyR2pNbG5yRkFLdkZ5YTlrWnF5cUkwSjN5c25yb0lZbHZROWI1b2J3NS1MZDhzMC1qZFB5X1BZNExsRUhjTEYweFRkeF91LW5wTkZrdllTbnVVQi1iT0cxSEs2Smc?oc=5\" target=\"_blank\" rel=\"nofollow noopener\">Mboko, Jovic, Boisson, Eala, Tjen : le top 5 des r\u00e9v\u00e9lations WTA en 2025<\/a>&nbsp;&nbsp;MSN<\/li>\n<\/ol>\n","protected":false},"excerpt":{"rendered":"Un temps en manque de leaders affirm\u00e9s et de continuit\u00e9 dans les r\u00e9sultats, le circuit WTA est d\u00e9sormais&hellip;\n","protected":false},"author":2,"featured_media":527669,"comment_status":"","ping_status":"","sticky":false,"template":"","format":"standard","meta":{"footnotes":""},"categories":[1415],"tags":[1011,27,60,1467],"class_list":{"0":"post-527668","1":"post","2":"type-post","3":"status-publish","4":"format-standard","5":"has-post-thumbnail","7":"category-tennis","8":"tag-fr","9":"tag-france","10":"tag-sports","11":"tag-tennis"},"share_on_mastodon":{"url":"https:\/\/pubeurope.com\/@fr\/115532464332019318","error":""},"_links":{"self":[{"href":"https:\/\/www.europesays.com\/fr\/wp-json\/wp\/v2\/posts\/527668","targetHints":{"allow":["GET"]}}],"collection":[{"href":"https:\/\/www.europesays.com\/fr\/wp-json\/wp\/v2\/posts"}],"about":[{"href":"https:\/\/www.europesays.com\/fr\/wp-json\/wp\/v2\/types\/post"}],"author":[{"embeddable":true,"href":"https:\/\/www.europesays.com\/fr\/wp-json\/wp\/v2\/users\/2"}],"replies":[{"embeddable":true,"href":"https:\/\/www.europesays.com\/fr\/wp-json\/wp\/v2\/comments?post=527668"}],"version-history":[{"count":0,"href":"https:\/\/www.europesays.com\/fr\/wp-json\/wp\/v2\/posts\/527668\/revisions"}],"wp:featuredmedia":[{"embeddable":true,"href":"https:\/\/www.europesays.com\/fr\/wp-json\/wp\/v2\/media\/527669"}],"wp:attachment":[{"href":"https:\/\/www.europesays.com\/fr\/wp-json\/wp\/v2\/media?parent=527668"}],"wp:term":[{"taxonomy":"category","embeddable":true,"href":"https:\/\/www.europesays.com\/fr\/wp-json\/wp\/v2\/categories?post=527668"},{"taxonomy":"post_tag","embeddable":true,"href":"https:\/\/www.europesays.com\/fr\/wp-json\/wp\/v2\/tags?post=527668"}],"curies":[{"name":"wp","href":"https:\/\/api.w.org\/{rel}","templated":true}]}}