{"id":527674,"date":"2025-11-11T18:29:14","date_gmt":"2025-11-11T18:29:14","guid":{"rendered":"https:\/\/www.europesays.com\/fr\/527674\/"},"modified":"2025-11-11T18:29:14","modified_gmt":"2025-11-11T18:29:14","slug":"ce-message-inattendu-de-jean-jacques-goldman-diffuse-en-direct-sur-france-2-a-loccasion-dune-date-importante-video","status":"publish","type":"post","link":"https:\/\/www.europesays.com\/fr\/527674\/","title":{"rendered":"Ce message inattendu de Jean-Jacques Goldman diffus\u00e9 en direct sur France 2 \u00e0 l\u2019occasion d\u2019une date importante (VIDEO)"},"content":{"rendered":"<p>\u00c0 l\u2019occasion des comm\u00e9morations du 11 novembre, la journaliste de France 2 Maryse Burgot a d\u00e9voil\u00e9 une lettre que Jean-Jacques Goldman, ambassadeur du Bleuet de France, a \u00e9crite pour les Fran\u00e7ais.<\/p>\n<p>\u00c0 deux jours des dix ans des attentats du 13 novembre 2015, les Fran\u00e7ais c\u00e9l\u00e8brent d\u2019autres comm\u00e9morations, celles du 11 novembre 1918, date de l\u2019armistice de la Premi\u00e8re Guerre mondiale. \u00c0 cette occasion, Jean-Jacques Goldman a d\u00e9cid\u00e9 de se mobiliser \u00e0 travers une lettre qui a \u00e9t\u00e9 lue en direct sur France 2. \u201cQuelques mots magnifiques\u201d \u00e9crits de sa main, d\u00e9voil\u00e9s par Maryse Burgot. \u201cPas de paix, sans gardien, ni de libert\u00e9, sans soldat\u201d, d\u00e9bute<a href=\"https:\/\/www.programme-tv.net\/news\/tv\/85926-jean-jacques-goldman-quitte-les-enfoires-je-n-ai-plus-la-creativite-la-modernite-que-necessite-une-telle-emission\/\" data-api-deeplink=\"teleloisirs:\/\/news\/85926\" target=\"_blank\" rel=\"noopener\"> l\u2019artiste retir\u00e9 de la vie publique depuis dix ans  <\/a>dans son message manuscrit. \u201cNous avons peut-\u00eatre eu tendance \u00e0 l\u2019oublier, mais l\u2019actualit\u00e9 nous le rappelle chaque jour\u201d, ajoute-t-il. \u201c<b>Il me semblait important de montrer notre reconnaissance envers nos arm\u00e9es, ses bless\u00e9s et plus g\u00e9n\u00e9ralement toutes les forces de s\u00e9curit\u00e9 qui nous prot\u00e8gent au quotidien<\/b>\u201d, poursuit-il.<\/p>\n<p>                        Ce joli message de Jean-Jacques Goldman \u00ab\u00a0pour ceux qui nous prot\u00e8gent\u00a0\u00bb<\/p>\n<p>\u201cJe suis heureux et fier de pouvoir aider le Bleuet de France et qui accompagne ceux qui nous prot\u00e8gent et nos familles\u201d, conclut Jean-Jacques Goldman ce mardi 11 novembre. L\u2019implication du c\u00e9l\u00e8bre chanteur ne date pas d\u2019hier. Il y a quelques mois, c\u2019est pour cette cause que<a href=\"https:\/\/www.programme-tv.net\/news\/musique\/385249-ce-documentaire-inedit-avec-celine-dion-sur-l-album-francophone-le-plus-vendu-de-tous-les-temps-est-diffuse-ce-soir-a-la-tele\/\" data-api-deeplink=\"teleloisirs:\/\/news\/385249\" target=\"_blank\" rel=\"noopener\"> celui qui \u00e9crit les plus grands succ\u00e8s francophones de C\u00e9line Dion <\/a>a retrouv\u00e9 l\u2019inspiration.<a href=\"https:\/\/www.programme-tv.net\/news\/musique\/374376-apres-les-enfoires-jean-jacques-goldman-fait-une-belle-surprise-a-deux-artistes-engages\/\" data-api-deeplink=\"teleloisirs:\/\/news\/374376\" target=\"_blank\" rel=\"noopener\"> Il a \u00e9crit la chanson officielle du Bleuet de France, On sera l\u00e0<\/a>, chant\u00e9e par Yvard et Elo\u00efz. \u201cElle rend hommage \u00e0 toutes celles et ceux qui se sont engag\u00e9s et qui continuent de servir la Nation, dans l\u2019esprit de solidarit\u00e9 et de fraternit\u00e9 qui anime le Bleuet depuis plus d\u2019un si\u00e8cle. On sera l\u00e0 \u00e9voque la transmission du souvenir, la force du collectif et la gratitude envers les engag\u00e9s\u201d, indique le Bleuet de France sur son site internet.<\/p>\n<p>            Elo\u00efz, cette chanteuse choisie par Jean-Jacques Goldman pour interpr\u00e9ter sa nouvelle chanson<\/p>\n<p>Chanteuse, Elo\u00efz, r\u00e9v\u00e9l\u00e9e dans La France a un incroyable talent, est ancienne gendarme r\u00e9serviste. Elle avait donc toute la l\u00e9gitimit\u00e9 pour interpr\u00e9ter ce nouveau morceau de Jean-Jacques Goldman. \u201cQuelle fut ma surprise lorsque l\u2019on me dit ensuite : \u2018C\u2019est Jean-Jacques Goldman qui l\u2019a \u00e9crite et compos\u00e9, et c\u2019est lui qui t\u2019a choisis pour l\u2019interpr\u00e9ter\u2019. (\u2026) Cher Jean-Jacques, merci pour les bleuets, merci pour ta confiance et cet honneur\u2026\u201d, avait conclu l\u2019artiste sur Instagram en mars dernier.<\/p>\n<p><img decoding=\"async\" src=\"https:\/\/www.europesays.com\/fr\/wp-content\/uploads\/2025\/11\/thumbnail.jpg\" alt=\"\" data-id=\"\"\/>Lettre de Jean-Jacques Goldman aux Fran\u00e7ais d\u00e9voil\u00e9e le 11 novembre 2025\u00a0Capture France 2                        <\/p>\n<p>Article \u00e9crit en collaboration avec 6Medias<\/p>\n","protected":false},"excerpt":{"rendered":"\u00c0 l\u2019occasion des comm\u00e9morations du 11 novembre, la journaliste de France 2 Maryse Burgot a d\u00e9voil\u00e9 une lettre&hellip;\n","protected":false},"author":2,"featured_media":527675,"comment_status":"","ping_status":"","sticky":false,"template":"","format":"standard","meta":{"footnotes":""},"categories":[1359],"tags":[244,58,59,1011,27,594,7195,64693,973,1630],"class_list":{"0":"post-527674","1":"post","2":"type-post","3":"status-publish","4":"format-standard","5":"has-post-thumbnail","7":"category-people","8":"tag-commentaire","9":"tag-divertissement","10":"tag-entertainment","11":"tag-fr","12":"tag-france","13":"tag-france-2","14":"tag-jean-jacques-goldman","15":"tag-maryse-burgot","16":"tag-people","17":"tag-zapping"},"share_on_mastodon":{"url":"","error":""},"_links":{"self":[{"href":"https:\/\/www.europesays.com\/fr\/wp-json\/wp\/v2\/posts\/527674","targetHints":{"allow":["GET"]}}],"collection":[{"href":"https:\/\/www.europesays.com\/fr\/wp-json\/wp\/v2\/posts"}],"about":[{"href":"https:\/\/www.europesays.com\/fr\/wp-json\/wp\/v2\/types\/post"}],"author":[{"embeddable":true,"href":"https:\/\/www.europesays.com\/fr\/wp-json\/wp\/v2\/users\/2"}],"replies":[{"embeddable":true,"href":"https:\/\/www.europesays.com\/fr\/wp-json\/wp\/v2\/comments?post=527674"}],"version-history":[{"count":0,"href":"https:\/\/www.europesays.com\/fr\/wp-json\/wp\/v2\/posts\/527674\/revisions"}],"wp:featuredmedia":[{"embeddable":true,"href":"https:\/\/www.europesays.com\/fr\/wp-json\/wp\/v2\/media\/527675"}],"wp:attachment":[{"href":"https:\/\/www.europesays.com\/fr\/wp-json\/wp\/v2\/media?parent=527674"}],"wp:term":[{"taxonomy":"category","embeddable":true,"href":"https:\/\/www.europesays.com\/fr\/wp-json\/wp\/v2\/categories?post=527674"},{"taxonomy":"post_tag","embeddable":true,"href":"https:\/\/www.europesays.com\/fr\/wp-json\/wp\/v2\/tags?post=527674"}],"curies":[{"name":"wp","href":"https:\/\/api.w.org\/{rel}","templated":true}]}}