{"id":527678,"date":"2025-11-11T18:32:14","date_gmt":"2025-11-11T18:32:14","guid":{"rendered":"https:\/\/www.europesays.com\/fr\/527678\/"},"modified":"2025-11-11T18:32:14","modified_gmt":"2025-11-11T18:32:14","slug":"qui-sont-les-trois-eleves-nomines-pour-le-prime-du-14-novembre","status":"publish","type":"post","link":"https:\/\/www.europesays.com\/fr\/527678\/","title":{"rendered":"Qui sont les trois \u00e9l\u00e8ves nomin\u00e9s pour le prime du 14 novembre ?"},"content":{"rendered":"<p>Dans la quotidienne de la Star Academy ce mardi 11 novembre sur TF1, Michael Goldman a annonc\u00e9 les trois \u00e9l\u00e8ves nomin\u00e9s pour le prime du vendredi 14 novembre. D\u00e9couvrez qui est en danger cette semaine.<\/p>\n<p>Cette semaine, les anciens sont \u00e0 l&rsquo;honneur dans la Star Academy. Des candidats embl\u00e9matiques de la nouvelle g\u00e9n\u00e9ration du t\u00e9l\u00e9-crochet seront pr\u00e9sents sur le prime du vendredi 4 novembre. Marine, gagnante de la saison 12, chantera son titre Restes d&rsquo;averses \u2013 <a href=\"https:\/\/www.programme-tv.net\/news\/cinema\/390859-regretting-you-quelle-chanson-de-marine-star-academy-fait-partie-de-la-bande-originale-de-ce-film-hollywoodien\/\" data-api-deeplink=\"teleloisirs:\/\/news\/390859\" target=\"_blank\" rel=\"noopener\">bande originale du film Regretting you<\/a> \u2013 avec un \u00e9l\u00e8ve. Marguerite sera \u00e9galement l\u00e0 et interp\u00e9tera son tube Les filles, les meufs avec Jeanne, M\u00e9lissa, Ema, L\u00e9ane ou Sarah, les pressenties pour ce duo. Julien Lieb fera son retour sur le plateau et chanter son titre Autrement avec l&rsquo;un des gar\u00e7ons. Enfin, Vitaa, marraine de la saison 11, proposera un medley de ses plus grandes chansons. Mais pour avoir la chance de partager la sc\u00e8ne avec eux, faut-il encore \u00e9chapper aux nominations&#8230;<\/p>\n<p>                        Star Academy 2025 : qui sont les trois \u00e9l\u00e8ves nomin\u00e9s pour le prime du vendredi 14 novembre sur TF1 ?<\/p>\n<p>Ce lundi 10 novembre,<a href=\"https:\/\/www.programme-tv.net\/news\/tv\/388521-star-academy-2025-date-de-diffusion-professeurs-casting-toutes-les-infos-sur-la-nouvelle-saison\/\" data-api-deeplink=\"teleloisirs:\/\/news\/388521\" target=\"_blank\" rel=\"noopener\"> les \u00e9l\u00e8ves de la saison 13 <\/a>ont pass\u00e9 leurs \u00e9valuations devant les professeurs et en pr\u00e9sence de Marine. Ils avaient le choix d&rsquo;interpr\u00e9ter les chansons Ma faute de Marine, Adieu nous deux de Pierre Garnier, Rage d&rsquo;\u00c9bony, La maison de Marguerite, Autrement de Julien Lieb, Boule au ventre d&rsquo;H\u00e9l\u00e9na Bailly, Sans toi de L\u00e9nie ou Fou d&rsquo;Ulysse. Un exercice difficile puisque la quasi-totalit\u00e9 de la promotion 2025-2026 a oubli\u00e9 ses paroles. Dans la quotidienne de la Star Academy du mardi 11 novembre sur TF1, Michael Goldman a annonc\u00e9 les trois nomin\u00e9s pour la semaine des anciens<b>. Ce sont Ema, L\u00e9ane et Th\u00e9o L qui seront en danger ce vendredi 14 novembre.<\/b><\/p>\n<p>            <b>Un \u00e9l\u00e8ve de la<\/b><b> Star Academy 2025<\/b><b> n&rsquo;assistera pas au prime du 14 novembre !<\/b><\/p>\n<p>Comme l&rsquo;a annonc\u00e9 <a href=\"https:\/\/www.programme-tv.net\/biographie\/193957-bernardoni-lucie\/\" data-link-people=\"13ff2c54-0956-4b20-a8ab-38b8298f8a49\" target=\"_blank\" rel=\"noopener\">Lucie Bernardoni<\/a> dans le live de la Star Academy TF1+, un acad\u00e9micien quittera le ch\u00e2teau de Dammarie-les-Lys pour rejoindre H\u00e9l\u00e9na Bailly au Z\u00e9nith d&rsquo;Angers ce vendredi 14 novembre <a href=\"https:\/\/www.programme-tv.net\/news\/tv\/391806-star-academy-2025-le-prime-du-vendredi-14-novembre-bouleverse-lucie-bernardoni-annonce-l-absence-d-un-eleve\/\" data-api-deeplink=\"teleloisirs:\/\/news\/391806\" target=\"_blank\" rel=\"noopener\">et n&rsquo;assistera donc pas au prime des anciens<\/a>. L&rsquo;\u00e9l\u00e8ve d\u00e9sign\u00e9 pour participer au concert de la chanteuse belge aura la chance de chanter son titre Tout a chang\u00e9 (Rien a chang\u00e9) en duo devant des milliers de spectateurs. Une opportunit\u00e9 incroyable.<\/p>\n","protected":false},"excerpt":{"rendered":"Dans la quotidienne de la Star Academy ce mardi 11 novembre sur TF1, Michael Goldman a annonc\u00e9 les&hellip;\n","protected":false},"author":2,"featured_media":527679,"comment_status":"","ping_status":"","sticky":false,"template":"","format":"standard","meta":{"footnotes":""},"categories":[1356],"tags":[244,58,59,1011,27,64696,64698,64694,64695,18439,8145,5095,64699,64697,252,199,2175,1364],"class_list":{"0":"post-527678","1":"post","2":"type-post","3":"status-publish","4":"format-standard","5":"has-post-thumbnail","7":"category-television","8":"tag-commentaire","9":"tag-divertissement","10":"tag-entertainment","11":"tag-fr","12":"tag-france","13":"tag-la-quotidienne-25112022-173000-tf1","14":"tag-la-quotidienne-su00e9rie-52118294","15":"tag-la-quotidienne-1100832954","16":"tag-la-quotidienne-1100860641","17":"tag-michael-goldman","18":"tag-nomination","19":"tag-star-academy","20":"tag-star-academy-le-prime-9790195","21":"tag-star-academy-1100807804","22":"tag-television","23":"tag-tf1","24":"tag-tl-story","25":"tag-tv"},"share_on_mastodon":{"url":"","error":""},"_links":{"self":[{"href":"https:\/\/www.europesays.com\/fr\/wp-json\/wp\/v2\/posts\/527678","targetHints":{"allow":["GET"]}}],"collection":[{"href":"https:\/\/www.europesays.com\/fr\/wp-json\/wp\/v2\/posts"}],"about":[{"href":"https:\/\/www.europesays.com\/fr\/wp-json\/wp\/v2\/types\/post"}],"author":[{"embeddable":true,"href":"https:\/\/www.europesays.com\/fr\/wp-json\/wp\/v2\/users\/2"}],"replies":[{"embeddable":true,"href":"https:\/\/www.europesays.com\/fr\/wp-json\/wp\/v2\/comments?post=527678"}],"version-history":[{"count":0,"href":"https:\/\/www.europesays.com\/fr\/wp-json\/wp\/v2\/posts\/527678\/revisions"}],"wp:featuredmedia":[{"embeddable":true,"href":"https:\/\/www.europesays.com\/fr\/wp-json\/wp\/v2\/media\/527679"}],"wp:attachment":[{"href":"https:\/\/www.europesays.com\/fr\/wp-json\/wp\/v2\/media?parent=527678"}],"wp:term":[{"taxonomy":"category","embeddable":true,"href":"https:\/\/www.europesays.com\/fr\/wp-json\/wp\/v2\/categories?post=527678"},{"taxonomy":"post_tag","embeddable":true,"href":"https:\/\/www.europesays.com\/fr\/wp-json\/wp\/v2\/tags?post=527678"}],"curies":[{"name":"wp","href":"https:\/\/api.w.org\/{rel}","templated":true}]}}