{"id":52768,"date":"2025-04-25T21:51:09","date_gmt":"2025-04-25T21:51:09","guid":{"rendered":"https:\/\/www.europesays.com\/fr\/52768\/"},"modified":"2025-04-25T21:51:09","modified_gmt":"2025-04-25T21:51:09","slug":"sportica-a-nouveau-touche-par-un-incendie","status":"publish","type":"post","link":"https:\/\/www.europesays.com\/fr\/52768\/","title":{"rendered":"Sportica \u00e0 nouveau touch\u00e9 par un incendie"},"content":{"rendered":"<p><img decoding=\"async\" class=\"\" style=\"width:100%;max-width:100%\" src=\"https:\/\/www.europesays.com\/fr\/wp-content\/uploads\/2025\/04\/WhatsApp_Image_2025_04_25_at_21_49_441745610710656-format16by9.jpeg\" alt=\"incendie sportica\"\/><\/p>\n<p>Les sapeurs-pompiers \u00e0 l&rsquo;\u0153uvre une bonne partie de la soir\u00e9e.<\/p>\n<p>Cr\u00e9dit : Delta FM<\/p>\n<p>Un\u00a0 <strong>nouvel incendie frappe Sportica<\/strong> \u00a0ce vendredi soir.<\/p>\n<p>De la\u00a0 <strong>grosse fum\u00e9e noire<\/strong> \u00a0s&rsquo;est \u00e9chapp\u00e9e, puis\u00a0 <strong>d&rsquo;impressionnantes flammes.<\/strong><\/p>\n<p>Le feu a pris dans les ruines du b\u00e2timent, <strong>au niveau du dojo.<\/strong><\/p>\n<p>Les restaurants autour de Sportica ont \u00e9t\u00e9 \u00e9vacu\u00e9s.<\/p>\n<p>Les sapeurs-pompiers de Gravelines, Bourbourg et Fort-Mardyck sont sur place, ainsi que des repr\u00e9sentants de la Ville.<\/p>\n<p>Les\u00a0 <strong>soldats du feu ont arros\u00e9 \u00e0 l&rsquo;aide de la grande \u00e9chelle.<\/strong><\/p>\n<p>L&rsquo;origine du sinistre n&rsquo;est pas encore certaine.<\/p>\n<p>Mais, d&rsquo;apr\u00e8s nos informations, une <strong>cuve de carburant de 1000 litres, utilis\u00e9e pour alimenter les groupes \u00e9lectrog\u00e8nes, se trouve sur les lieux.<\/strong><\/p>\n<p>L&rsquo;hypoth\u00e8se privil\u00e9gi\u00e9e est celle d&rsquo;un <strong>d\u00e9part de feu accidentel<\/strong> , la cuve ayant soudainement pris feu \u00e0 proximit\u00e9 du mat\u00e9riel laiss\u00e9 par l&rsquo;entreprise en charge de la d\u00e9construction.<\/p>\n<p>\u00a0<\/p>\n<p><strong>Bertrand Ringot, maire de Gravelines : \u00ab\u00a0C&rsquo;est dur&#8230;\u00a0\u00bb<\/strong><\/p>\n<p>De plus en plus de curieux ont assist\u00e9 \u00e0 cette <a href=\"https:\/\/www.deltafm.fr\/sportica-retour-en-images-sur-un-incendie-qui-marquera-a-jamais-l-histoire-de-gravelines\" rel=\"noopener nofollow\" target=\"_blank\">triste sc\u00e8ne qui rappelle de tr\u00e8s mauvais souvenirs \u00e0 la population.<\/a><\/p>\n<p>La police a \u00e9tabli un <strong>gros dispositif de s\u00e9curit\u00e9<\/strong> autour de l&rsquo;enceinte.<\/p>\n<p>\u00ab\u00a0Toutes les \u00e9quipes sont sur place, le gardien a pr\u00e9venu rapidement les pompiers, il a vu feu dans le dojo. A ce stade, aucune explication\u00a0\u00bb , se d\u00e9sole, Bertrand Ringot, le maire de Gravelines. \u00ab\u00a0C&rsquo;est dur.\u00a0\u00bb<\/p>\n<p>\u00a0<\/p>\n<p>Le <strong>feu a \u00e9t\u00e9 contenu.<\/strong><\/p>\n<p><strong>Aucun bless\u00e9<\/strong> n&rsquo;a \u00e9t\u00e9 d\u00e9plor\u00e9.<\/p>\n<p>Les autorit\u00e9s rappellent que le <strong>survol de la zone par drone est interdit.<\/strong><\/p>\n<p><strong>LES REACTIONS A RETROUVER SAMEDI MATIN DANS NOS EDITIONS SUR DELTA FM<\/strong><\/p>\n","protected":false},"excerpt":{"rendered":"Les sapeurs-pompiers \u00e0 l&rsquo;\u0153uvre une bonne partie de la soir\u00e9e. Cr\u00e9dit : Delta FM Un\u00a0 nouvel incendie frappe&hellip;\n","protected":false},"author":2,"featured_media":52769,"comment_status":"","ping_status":"","sticky":false,"template":"","format":"standard","meta":{"footnotes":""},"categories":[4],"tags":[11,4807,14642,14637,14633,14640,5220,1312,14635,1011,27,14634,14631,1310,14638,14641,12,1311,25,14636,14639,14632,3083,11758],"class_list":{"0":"post-52768","1":"post","2":"type-post","3":"status-publish","4":"format-standard","5":"has-post-thumbnail","7":"category-france","8":"tag-actualites","9":"tag-batiment","10":"tag-centre-sportif","11":"tag-delta-fm","12":"tag-dojo","13":"tag-dommages-materiels","14":"tag-evacuation","15":"tag-feu","16":"tag-flammes","17":"tag-fr","18":"tag-france","19":"tag-fumee-noire","20":"tag-gravelines","21":"tag-incendie","22":"tag-information-a-venir","23":"tag-intervention-rapide","24":"tag-news","25":"tag-pompiers","26":"tag-republique-francaise","27":"tag-ruines","28":"tag-securite-incendie","29":"tag-sportica","30":"tag-urgence","31":"tag-vendredi-soir"},"share_on_mastodon":{"url":"https:\/\/pubeurope.com\/@fr\/114400820292507664","error":""},"_links":{"self":[{"href":"https:\/\/www.europesays.com\/fr\/wp-json\/wp\/v2\/posts\/52768","targetHints":{"allow":["GET"]}}],"collection":[{"href":"https:\/\/www.europesays.com\/fr\/wp-json\/wp\/v2\/posts"}],"about":[{"href":"https:\/\/www.europesays.com\/fr\/wp-json\/wp\/v2\/types\/post"}],"author":[{"embeddable":true,"href":"https:\/\/www.europesays.com\/fr\/wp-json\/wp\/v2\/users\/2"}],"replies":[{"embeddable":true,"href":"https:\/\/www.europesays.com\/fr\/wp-json\/wp\/v2\/comments?post=52768"}],"version-history":[{"count":0,"href":"https:\/\/www.europesays.com\/fr\/wp-json\/wp\/v2\/posts\/52768\/revisions"}],"wp:featuredmedia":[{"embeddable":true,"href":"https:\/\/www.europesays.com\/fr\/wp-json\/wp\/v2\/media\/52769"}],"wp:attachment":[{"href":"https:\/\/www.europesays.com\/fr\/wp-json\/wp\/v2\/media?parent=52768"}],"wp:term":[{"taxonomy":"category","embeddable":true,"href":"https:\/\/www.europesays.com\/fr\/wp-json\/wp\/v2\/categories?post=52768"},{"taxonomy":"post_tag","embeddable":true,"href":"https:\/\/www.europesays.com\/fr\/wp-json\/wp\/v2\/tags?post=52768"}],"curies":[{"name":"wp","href":"https:\/\/api.w.org\/{rel}","templated":true}]}}