{"id":527682,"date":"2025-11-11T18:34:18","date_gmt":"2025-11-11T18:34:18","guid":{"rendered":"https:\/\/www.europesays.com\/fr\/527682\/"},"modified":"2025-11-11T18:34:18","modified_gmt":"2025-11-11T18:34:18","slug":"les-aigles-de-la-republique-la-star-et-les-rapaces-du-regime-egyptien","status":"publish","type":"post","link":"https:\/\/www.europesays.com\/fr\/527682\/","title":{"rendered":"\u00ab\u00a0Les Aigles de la R\u00e9publique\u00a0\u00bb\u00a0: la star et les rapaces du r\u00e9gime \u00e9gyptien"},"content":{"rendered":"<p class=\"paragraph text_align_left lp-f-body-02\">Il nous \u00e9pate \u00e0 chaque film. Le r\u00e9alisateur d\u2019origine \u00e9gyptienne et de nationalit\u00e9 su\u00e9doise &#8211; il est n\u00e9 en 1972 \u00e0 Stockholm &#8211; Tarik Saleh nous avait tant \u00e9poustoufl\u00e9s avec <a href=\"https:\/\/www.leparisien.fr\/culture-loisirs\/cinema\/le-caire-confidentiel-quel-thriller-05-07-2017-7111362.php\" target=\"_blank\" rel=\"noreferrer nofollow noopener\">son thriller politique \u00ab Le Caire confidentiel \u00bb<\/a> en 2017 que nous l\u2019avions alors r\u00e9compens\u00e9 de l\u2019\u00c9toile de Parisien du meilleur film \u00e9tranger de l\u2019ann\u00e9e. Rebelote en 2022, <a href=\"https:\/\/www.leparisien.fr\/culture-loisirs\/cinema\/la-conspiration-du-caire-tarik-saleh-se-savait-menace-par-les-autorites-egyptiennes-25-10-2022-NV3HXMB25BGD7HH25HKUNTOHHI.php\" target=\"_blank\" rel=\"noreferrer nofollow noopener\">avec le remarquable \u00ab La Conspiration du Caire \u00bb, thriller religieux cette fois, qui avait remport\u00e9 le Prix du Sc\u00e9nario \u00e0 Cannes<\/a>.<\/p>\n<p class=\"paragraph text_align_left lp-f-body-02\">C\u2019est \u00e0 nouveau s\u00e9lectionn\u00e9 en comp\u00e9tition sur la Croisette en mai dernier que le cin\u00e9aste a d\u00e9voil\u00e9 \u00ab Les Aigles de la R\u00e9publique \u00bb, en salles ce mercredi, o\u00f9 il m\u00eale 7e art, politique et histoires d\u2019amour.<\/p>\n<p class=\"paragraph text_align_left lp-f-body-02\">Un long-m\u00e9trage port\u00e9 par l\u2019acteur f\u00e9tiche du r\u00e9alisateur, Fares Fares, qui incarne le com\u00e9dien George Fahmy, le plus en vogue d\u2019\u00c9gypte dont les productions rencontrent un immense succ\u00e8s populaire. Les stars du grand \u00e9cran y ont une aura de demi-dieux mais bien qu\u2019adul\u00e9, Fahmy, ne profite pas abusivement de sa c\u00e9l\u00e9brit\u00e9, se partage entre diff\u00e9rents projets de films et une relation houleuse avec une jeunette (camp\u00e9e par la Fran\u00e7aise Lyna Khoudri).<\/p>\n<p class=\"paragraph text_align_left lp-f-body-02\">Jusqu\u2019au jour o\u00f9 le pouvoir en place, qui tient le pays d\u2019une main de fer, demande \u00e0 l\u2019acteur d\u2019incarner, dans un film de propagande \u00e0 la gloire du r\u00e9gime, <a href=\"https:\/\/www.leparisien.fr\/international\/israel\/cessez-le-feu-a-gaza-legypte-confirme-un-sommet-de-la-paix-lundi-a-charm-el-cheikh-preside-par-trump-et-sissi-12-10-2025-GDJIIBGCWVEYPC6P35CN3MO4GE.php\" target=\"_blank\" rel=\"noreferrer nofollow noopener\">le pr\u00e9sident Sissi<\/a> &#8211; celui m\u00eame qui est actuellement \u00e0 la t\u00eate du pays. Dans l\u2019incapacit\u00e9 de refuser car sa famille est menac\u00e9e, Fahmy doit naviguer \u00e0 vue dans les sombres m\u00e9andres de ce pouvoir dur et corrompu.<\/p>\n<p class=\"paragraph text_align_left lp-f-body-02\">Sa posture ambivalente va se r\u00e9v\u00e9ler encore plus complexe \u00e0 cause d\u2019un \u00e9v\u00e9nement politique inattendu, mais aussi parce qu\u2019il entame une liaison avec la fascinante mais \u00e9nigmatique \u00e9pouse du g\u00e9n\u00e9ral qui dirige le film &#8211; une beaut\u00e9 intrigante interpr\u00e9t\u00e9e avec brio par<a href=\"https:\/\/www.leparisien.fr\/culture-loisirs\/series\/cest-vraiment-diffuse-en-finlande-le-fabuleux-destin-du-bureau-des-legendes-recompense-a-canneseries-27-04-2025-AKCZVSW5DRGPLHK6ENMHNY232M.php\" target=\"_blank\" rel=\"noreferrer nofollow noopener\"> la trop rare Zineb Triki, h\u00e9ro\u00efne de la s\u00e9rie \u00ab Le Bureau des l\u00e9gendes \u00bb<\/a>.<\/p>\n<p>Fares Fares, acteur fabuleux<\/p>\n<p class=\"paragraph text_align_left lp-f-body-02\">Ph\u00e9nom\u00e9nal, le film &#8211; o\u00f9 presque tout est tir\u00e9 de la r\u00e9alit\u00e9, ce qui ne risque pas d\u2019arranger les relations de Tarik Saleh avec son pays d\u2019origine, o\u00f9 il est interdit de territoire &#8211; ne m\u00e9nage pas le spectateur avec un suspense haletant et des retournements de situation constants. On vous laisse d\u00e9couvrir le plus sid\u00e9rant qui survient \u00e0 mi-film, si inattendu et soudain qu\u2019on ne peut se retenir un cri d\u2019\u00e9tonnement face \u00e0 l\u2019\u00e9cran.<\/p>\n<p class=\"paragraph text_align_left lp-f-body-02\">\u00ab Les Aigles de la R\u00e9publique \u00bb se double par ailleurs d\u2019une extraordinaire ode au 7e Art, tel qu\u2019il se pratiquait en \u00c9gypte entre les ann\u00e9es 1950 et 1970, en transposant le propos de nos jours, avec des sc\u00e8nes folles d\u2019ambiance de tournage ou de liesse populaire devant les exploits cin\u00e9matographiques des com\u00e9diens et, surtout, \u00e0 travers le portrait \u00e9patant de ce com\u00e9dien magnifique, toujours entre deux combines et deux amours mais au charme irr\u00e9sistible.<\/p>\n<p class=\"paragraph text_align_left lp-f-body-02\">Une fois encore, la performance de Fares Fares dans ce r\u00f4le sans cesse au bord du pr\u00e9cipice est \u00e9patante. Quel fabuleux acteur !<\/p>\n<p>La note de la r\u00e9daction :<\/p>\n<p>\u00ab Les Aigles de la R\u00e9publique \u00bb, thriller historique su\u00e9dois de Tarik Saleh, avec Fares Fares, Lyna Khoudri, Zineb Triki\u2026 2h08.<\/p>\n","protected":false},"excerpt":{"rendered":"Il nous \u00e9pate \u00e0 chaque film. Le r\u00e9alisateur d\u2019origine \u00e9gyptienne et de nationalit\u00e9 su\u00e9doise &#8211; il est n\u00e9&hellip;\n","protected":false},"author":2,"featured_media":527683,"comment_status":"","ping_status":"","sticky":false,"template":"","format":"standard","meta":{"footnotes":""},"categories":[1354],"tags":[650,872,58,59,1346,1011,27,1360],"class_list":{"0":"post-527682","1":"post","2":"type-post","3":"status-publish","4":"format-standard","5":"has-post-thumbnail","7":"category-films","8":"tag-cinema","9":"tag-culture-et-loisirs","10":"tag-divertissement","11":"tag-entertainment","12":"tag-films","13":"tag-fr","14":"tag-france","15":"tag-movies"},"share_on_mastodon":{"url":"https:\/\/pubeurope.com\/@fr\/115532507715142552","error":""},"_links":{"self":[{"href":"https:\/\/www.europesays.com\/fr\/wp-json\/wp\/v2\/posts\/527682","targetHints":{"allow":["GET"]}}],"collection":[{"href":"https:\/\/www.europesays.com\/fr\/wp-json\/wp\/v2\/posts"}],"about":[{"href":"https:\/\/www.europesays.com\/fr\/wp-json\/wp\/v2\/types\/post"}],"author":[{"embeddable":true,"href":"https:\/\/www.europesays.com\/fr\/wp-json\/wp\/v2\/users\/2"}],"replies":[{"embeddable":true,"href":"https:\/\/www.europesays.com\/fr\/wp-json\/wp\/v2\/comments?post=527682"}],"version-history":[{"count":0,"href":"https:\/\/www.europesays.com\/fr\/wp-json\/wp\/v2\/posts\/527682\/revisions"}],"wp:featuredmedia":[{"embeddable":true,"href":"https:\/\/www.europesays.com\/fr\/wp-json\/wp\/v2\/media\/527683"}],"wp:attachment":[{"href":"https:\/\/www.europesays.com\/fr\/wp-json\/wp\/v2\/media?parent=527682"}],"wp:term":[{"taxonomy":"category","embeddable":true,"href":"https:\/\/www.europesays.com\/fr\/wp-json\/wp\/v2\/categories?post=527682"},{"taxonomy":"post_tag","embeddable":true,"href":"https:\/\/www.europesays.com\/fr\/wp-json\/wp\/v2\/tags?post=527682"}],"curies":[{"name":"wp","href":"https:\/\/api.w.org\/{rel}","templated":true}]}}