{"id":527698,"date":"2025-11-11T18:43:37","date_gmt":"2025-11-11T18:43:37","guid":{"rendered":"https:\/\/www.europesays.com\/fr\/527698\/"},"modified":"2025-11-11T18:43:37","modified_gmt":"2025-11-11T18:43:37","slug":"loire-pres-de-480-kilos-de-cannabis-saisis-laboutissement-dun-an-denquete","status":"publish","type":"post","link":"https:\/\/www.europesays.com\/fr\/527698\/","title":{"rendered":"Loire. Pr\u00e8s de 480\u00a0kilos de cannabis saisis\u00a0: l&rsquo;aboutissement d&rsquo;un an d&rsquo;enqu\u00eate"},"content":{"rendered":"<p>C\u2019est l\u2019une des plus grosses saisies de drogue \u00e0 ce jour dans la Loire. 478\u00a0kilos de cannabis ont \u00e9t\u00e9 trouv\u00e9s dans un box par les policiers de la Division de la criminalit\u00e9 organis\u00e9e et sp\u00e9cialis\u00e9e (DCOS, ex-PJ). La marchandise \u00e9tait conditionn\u00e9e dans de grands sacs ou en ballots, aussi appel\u00e9s \u00ab\u00a0valises marocaines\u00a0\u00bb.<\/p>\n<p>\u00c0 l\u2019origine de cette belle prise, il faut remonter un an en arri\u00e8re. \u00c0 l\u2019automne 2024, les enqu\u00eateurs de l\u2019Office anti-stup\u00e9fiants (Ofast) de Lyon rep\u00e8rent les agissements d\u2019un d\u00e9linquant qui, <a href=\"https:\/\/www.leprogres.fr\/faits-divers-justice\/2025\/11\/10\/quatre-trafiquants-de-drogue-arretes-apres-un-an-d-enquete-un-groupe-criminel-demantele\" target=\"_blank\" rel=\"noopener\">selon un communiqu\u00e9&#8230;<\/a><\/p>\n","protected":false},"excerpt":{"rendered":"C\u2019est l\u2019une des plus grosses saisies de drogue \u00e0 ce jour dans la Loire. 478\u00a0kilos de cannabis ont&hellip;\n","protected":false},"author":2,"featured_media":527699,"comment_status":"","ping_status":"","sticky":false,"template":"","format":"standard","meta":{"footnotes":""},"categories":[9653],"tags":[1111,11,2430,271,272,7539,1777,674,274,107,1011,27,3367,12,25,4001,14024,14025],"class_list":{"0":"post-527698","1":"post","2":"type-post","3":"status-publish","4":"format-standard","5":"has-post-thumbnail","7":"category-saint-etienne","8":"tag-actu","9":"tag-actualites","10":"tag-auvergne-rhone-alpes","11":"tag-crime","12":"tag-delit-et-contravention","13":"tag-edition-loire-sud","14":"tag-eu","15":"tag-europe","16":"tag-faits-divers-justice","17":"tag-fil-info","18":"tag-fr","19":"tag-france","20":"tag-loire","21":"tag-news","22":"tag-republique-francaise","23":"tag-saint-etienne","24":"tag-unieux","25":"tag-unieux-bassin"},"share_on_mastodon":{"url":"https:\/\/pubeurope.com\/@fr\/115532543078953198","error":""},"_links":{"self":[{"href":"https:\/\/www.europesays.com\/fr\/wp-json\/wp\/v2\/posts\/527698","targetHints":{"allow":["GET"]}}],"collection":[{"href":"https:\/\/www.europesays.com\/fr\/wp-json\/wp\/v2\/posts"}],"about":[{"href":"https:\/\/www.europesays.com\/fr\/wp-json\/wp\/v2\/types\/post"}],"author":[{"embeddable":true,"href":"https:\/\/www.europesays.com\/fr\/wp-json\/wp\/v2\/users\/2"}],"replies":[{"embeddable":true,"href":"https:\/\/www.europesays.com\/fr\/wp-json\/wp\/v2\/comments?post=527698"}],"version-history":[{"count":0,"href":"https:\/\/www.europesays.com\/fr\/wp-json\/wp\/v2\/posts\/527698\/revisions"}],"wp:featuredmedia":[{"embeddable":true,"href":"https:\/\/www.europesays.com\/fr\/wp-json\/wp\/v2\/media\/527699"}],"wp:attachment":[{"href":"https:\/\/www.europesays.com\/fr\/wp-json\/wp\/v2\/media?parent=527698"}],"wp:term":[{"taxonomy":"category","embeddable":true,"href":"https:\/\/www.europesays.com\/fr\/wp-json\/wp\/v2\/categories?post=527698"},{"taxonomy":"post_tag","embeddable":true,"href":"https:\/\/www.europesays.com\/fr\/wp-json\/wp\/v2\/tags?post=527698"}],"curies":[{"name":"wp","href":"https:\/\/api.w.org\/{rel}","templated":true}]}}