{"id":52770,"date":"2025-04-25T21:52:08","date_gmt":"2025-04-25T21:52:08","guid":{"rendered":"https:\/\/www.europesays.com\/fr\/52770\/"},"modified":"2025-04-25T21:52:08","modified_gmt":"2025-04-25T21:52:08","slug":"cette-france-ou-lextreme-droite-ne-se-cache-plus-liberation","status":"publish","type":"post","link":"https:\/\/www.europesays.com\/fr\/52770\/","title":{"rendered":"cette France o\u00f9\u00a0l\u2019extr\u00eame droite ne se cache plus \u2013 Lib\u00e9ration"},"content":{"rendered":"<p class=\"sc-ksZaOG ehjQrN text-element\">Il fallait les voir, fiers, goguenards, rel\u00e2ch\u00e9s, poser avec cette une o\u00f9 s\u2019\u00e9talaient des expressions venues du plus sombre des \u00e2ges : \u00abParti de l\u2019\u00e9tranger\u00bb, \u00abanti-France\u00bb. C\u2019\u00e9tait le 9 avril, en plein c\u0153ur de<a href=\"https:\/\/www.liberation.fr\/checknews\/pour-exister-le-media-identitaire-frontieres-surjoue-la-strategie-du-clash-permanent-20250415_LWSC334SPFFGRK3S32JINYEYB4\/\" target=\"_blank\" rel=\"nofollow noopener\"> l\u2019Assembl\u00e9e nationale. En soutien au magazine Fronti\u00e8res,<\/a> dont l\u2019un des principaux actionnaires est d\u00e9put\u00e9 ciottiste, alli\u00e9 de <a href=\"https:\/\/www.liberation.fr\/idees-et-debats\/tribunes\/condamnation-de-marine-le-pen-plutot-que-de-brandir-letat-de-droit-mieux-vaut-promouvoir-la-legitimite-des-juges-20250417_NBKKE42YNVGCZEEGPXK3SXDKQU\/\" target=\"_blank\" rel=\"nofollow noopener\">Marine Le Pen<\/a>, les parlementaires du Rassemblement national (RN) se sont d\u00e9vers\u00e9s dans le Palais-Bourbon, agitant comme un tract le dernier num\u00e9ro de ce trimestriel et de son enqu\u00eate, h\u00e9riss\u00e9e de fautes d\u2019orthographe, sur La France insoumise. Arriv\u00e9s cravat\u00e9s en 2022, timides, d\u00e9bordants d\u2019\u00e9l\u00e9ments de langage r\u00e9publicains et soucieux de para\u00eetre \u00abconstructifs\u00bb, voil\u00e0 les lep\u00e9nistes assez \u00e0 l\u2019aise pour reprendre les slogans de l\u2019Action fran\u00e7aise et de l\u2019extr\u00eame droite la plus traditionnelle. Celle qui voyait chez les Juifs, les protestants, les francs-ma\u00e7ons et les \u00abm\u00e9t\u00e8ques\u00bb les \u00abquatre Etats conf\u00e9d\u00e9r\u00e9s de l\u2019anti-France\u00bb, inassimilables \u00e0 la nation et travaillant \u00e0 sa perte.<\/p>\n<p class=\"sc-ksZaOG ehjQrN text-element\">Une telle \u00e9piphanie n\u2019aur<\/p>\n","protected":false},"excerpt":{"rendered":"Il fallait les voir, fiers, goguenards, rel\u00e2ch\u00e9s, poser avec cette une o\u00f9 s\u2019\u00e9talaient des expressions venues du plus&hellip;\n","protected":false},"author":2,"featured_media":52771,"comment_status":"","ping_status":"","sticky":false,"template":"","format":"standard","meta":{"footnotes":""},"categories":[2],"tags":[11,1076,1011,27,1077,430,12,2848],"class_list":{"0":"post-52770","1":"post","2":"type-post","3":"status-publish","4":"format-standard","5":"has-post-thumbnail","7":"category-actualites","8":"tag-actualites","9":"tag-extreme-droite","10":"tag-fr","11":"tag-france","12":"tag-jordan-bardella","13":"tag-marine-le-pen","14":"tag-news","15":"tag-rn"},"share_on_mastodon":{"url":"https:\/\/pubeurope.com\/@fr\/114400824027548742","error":""},"_links":{"self":[{"href":"https:\/\/www.europesays.com\/fr\/wp-json\/wp\/v2\/posts\/52770","targetHints":{"allow":["GET"]}}],"collection":[{"href":"https:\/\/www.europesays.com\/fr\/wp-json\/wp\/v2\/posts"}],"about":[{"href":"https:\/\/www.europesays.com\/fr\/wp-json\/wp\/v2\/types\/post"}],"author":[{"embeddable":true,"href":"https:\/\/www.europesays.com\/fr\/wp-json\/wp\/v2\/users\/2"}],"replies":[{"embeddable":true,"href":"https:\/\/www.europesays.com\/fr\/wp-json\/wp\/v2\/comments?post=52770"}],"version-history":[{"count":0,"href":"https:\/\/www.europesays.com\/fr\/wp-json\/wp\/v2\/posts\/52770\/revisions"}],"wp:featuredmedia":[{"embeddable":true,"href":"https:\/\/www.europesays.com\/fr\/wp-json\/wp\/v2\/media\/52771"}],"wp:attachment":[{"href":"https:\/\/www.europesays.com\/fr\/wp-json\/wp\/v2\/media?parent=52770"}],"wp:term":[{"taxonomy":"category","embeddable":true,"href":"https:\/\/www.europesays.com\/fr\/wp-json\/wp\/v2\/categories?post=52770"},{"taxonomy":"post_tag","embeddable":true,"href":"https:\/\/www.europesays.com\/fr\/wp-json\/wp\/v2\/tags?post=52770"}],"curies":[{"name":"wp","href":"https:\/\/api.w.org\/{rel}","templated":true}]}}