{"id":527702,"date":"2025-11-11T18:45:14","date_gmt":"2025-11-11T18:45:14","guid":{"rendered":"https:\/\/www.europesays.com\/fr\/527702\/"},"modified":"2025-11-11T18:45:14","modified_gmt":"2025-11-11T18:45:14","slug":"le-marche-de-noel-sinstalle","status":"publish","type":"post","link":"https:\/\/www.europesays.com\/fr\/527702\/","title":{"rendered":"le march\u00e9 de No\u00ebl s\u2019installe"},"content":{"rendered":"<p>Les pr\u00e9paratifs battent leur plein sur la place Charles III : le march\u00e9 de No\u00ebl entre en sc\u00e8ne. Le grand sapin de 13 m\u00e8tres sera dress\u00e9 d\u00e8s demain, tandis que les fils du ciel lumineux sont d\u00e9j\u00e0 en cours d\u2019installation. En 11 jours, tout doit \u00eatre pr\u00eat : jeudi matin, le site doit \u00eatre pleinement fonctionnel pour accueillir les premiers tests, avant l\u2019ouverture au public vendredi \u00e0 midi. Une course contre la montre pour faire briller le c\u0153ur de Nancy.<\/p>\n","protected":false},"excerpt":{"rendered":"Les pr\u00e9paratifs battent leur plein sur la place Charles III : le march\u00e9 de No\u00ebl entre en sc\u00e8ne.&hellip;\n","protected":false},"author":2,"featured_media":527703,"comment_status":"","ping_status":"","sticky":false,"template":"","format":"standard","meta":{"footnotes":""},"categories":[9635],"tags":[1111,11,7782,1704,1777,674,3326,1011,27,2798,775,1702,12,2661,25],"class_list":{"0":"post-527702","1":"post","2":"type-post","3":"status-publish","4":"format-standard","5":"has-post-thumbnail","7":"category-nancy","8":"tag-actu","9":"tag-actualites","10":"tag-balades-et-randonnees","11":"tag-edition-nancy-et-agglomeration","12":"tag-eu","13":"tag-europe","14":"tag-fete-locale","15":"tag-fr","16":"tag-france","17":"tag-galerie-photo","18":"tag-grand-est","19":"tag-nancy","20":"tag-news","21":"tag-patrimoine-culturel","22":"tag-republique-francaise"},"share_on_mastodon":{"url":"https:\/\/pubeurope.com\/@fr\/115532550945017688","error":""},"_links":{"self":[{"href":"https:\/\/www.europesays.com\/fr\/wp-json\/wp\/v2\/posts\/527702","targetHints":{"allow":["GET"]}}],"collection":[{"href":"https:\/\/www.europesays.com\/fr\/wp-json\/wp\/v2\/posts"}],"about":[{"href":"https:\/\/www.europesays.com\/fr\/wp-json\/wp\/v2\/types\/post"}],"author":[{"embeddable":true,"href":"https:\/\/www.europesays.com\/fr\/wp-json\/wp\/v2\/users\/2"}],"replies":[{"embeddable":true,"href":"https:\/\/www.europesays.com\/fr\/wp-json\/wp\/v2\/comments?post=527702"}],"version-history":[{"count":0,"href":"https:\/\/www.europesays.com\/fr\/wp-json\/wp\/v2\/posts\/527702\/revisions"}],"wp:featuredmedia":[{"embeddable":true,"href":"https:\/\/www.europesays.com\/fr\/wp-json\/wp\/v2\/media\/527703"}],"wp:attachment":[{"href":"https:\/\/www.europesays.com\/fr\/wp-json\/wp\/v2\/media?parent=527702"}],"wp:term":[{"taxonomy":"category","embeddable":true,"href":"https:\/\/www.europesays.com\/fr\/wp-json\/wp\/v2\/categories?post=527702"},{"taxonomy":"post_tag","embeddable":true,"href":"https:\/\/www.europesays.com\/fr\/wp-json\/wp\/v2\/tags?post=527702"}],"curies":[{"name":"wp","href":"https:\/\/api.w.org\/{rel}","templated":true}]}}