{"id":527716,"date":"2025-11-11T18:52:13","date_gmt":"2025-11-11T18:52:13","guid":{"rendered":"https:\/\/www.europesays.com\/fr\/527716\/"},"modified":"2025-11-11T18:52:13","modified_gmt":"2025-11-11T18:52:13","slug":"un-detenu-blesse-un-agent-penitentiaire-au-cou-a-la-maison-darret-de-rouen","status":"publish","type":"post","link":"https:\/\/www.europesays.com\/fr\/527716\/","title":{"rendered":"Un d\u00e9tenu blesse un agent p\u00e9nitentiaire au cou \u00e0 la maison d&rsquo;arr\u00eat de Rouen"},"content":{"rendered":"<p>Un brigadier-chef a \u00e9t\u00e9 bless\u00e9 par un d\u00e9tenu ce mardi 11 novembre \u00e0 la prison Bonne Nouvelle \u00e0 Rouen. L&rsquo;agresseur a ensuite mis le feu \u00e0 sa cellule. <\/p>\n<p>Un agent p\u00e9nitentiaire a \u00e9t\u00e9 agress\u00e9 par un d\u00e9tenu ce mardi 11 novembre dans la matin\u00e9e \u00e0 la prison Bonne Nouvelle \u00e0 Rouen (Seine-Maritime). C&rsquo;est une information de nos confr\u00e8res de\u00a0<a target=\"_blank\" rel=\"nofollow noopener noreferrer\" class=\"IciLink ici-link IciArticleLink g-ici-body-regular-1 underline brand svelte-lu7k6w\" href=\"https:\/\/www.paris-normandie.fr\/id673421\/article\/2025-11-11\/blesse-par-un-detenu-un-surveillant-de-la-prison-de-rouen-transporte-aux\">Paris Normandie<\/a>\u00a0dont ICI Normandie a eu la confirmation par le syndicat UFAP-UNSa Justice.\u00a0\u00ab\u00a0On est choqu\u00e9s par cette agression. Les d\u00e9tenus sont de plus en plus dangereux\u00a0\u00bb, r\u00e9agit le secr\u00e9taire adjoint du syndicat \u00e0 la maison d&rsquo;arr\u00eat de Rouen, qui souhaite rester anonyme. D&rsquo;apr\u00e8s l&rsquo;UFAP-UNSa, le d\u00e9tenu a d&rsquo;abord appel\u00e9 les agents, puis il a donn\u00e9 <strong>plusieurs coups de lame artisanale<\/strong>. Le brigadier-chef a \u00e9t\u00e9 bless\u00e9 au cou, une plaie superficielle, mais il a tout de m\u00eame \u00e9t\u00e9 conduit \u00e0 l&rsquo;h\u00f4pital.<\/p>\n<p>Le d\u00e9tenu gravement br\u00fbl\u00e9<\/p>\n<p>Le d\u00e9tenu a ensuite mis le feu \u00e0 sa cellule. Les pompiers sont arriv\u00e9s et ont r\u00e9ussi \u00e0 le sauver. Toujours d&rsquo;apr\u00e8s le syndicat, il a \u00e9t\u00e9 transf\u00e9r\u00e9 \u00e0 l&rsquo;h\u00f4pital des grands br\u00fbl\u00e9s \u00e0 Paris et le parquet a ouvert <strong>une enqu\u00eate pour tentative d&rsquo;homicide<\/strong>. Le secr\u00e9taire adjoint de l&rsquo;UFAP-UNSa Justice d\u00e9nonce le danger li\u00e9 au m\u00e9tier des agents p\u00e9nitentiaires\u00a0:\u00a0\u00ab\u00a0Des coll\u00e8gues sont intervenus pour lui sauver la vie. Ils ont pris des risques pour ce d\u00e9tenu, comme d&rsquo;habitude. On prend des risques tous les matins et tous les soirs de subir ce genre d&rsquo;intervention.\u00a0\u00bb Contact\u00e9, le parquet de Rouen n&rsquo;a pas donn\u00e9 suite \u00e0 nos sollicitations.<\/p>\n","protected":false},"excerpt":{"rendered":"Un brigadier-chef a \u00e9t\u00e9 bless\u00e9 par un d\u00e9tenu ce mardi 11 novembre \u00e0 la prison Bonne Nouvelle \u00e0&hellip;\n","protected":false},"author":2,"featured_media":527717,"comment_status":"","ping_status":"","sticky":false,"template":"","format":"standard","meta":{"footnotes":""},"categories":[9587],"tags":[1111,11,1777,674,1011,27,12,5161,25,9590],"class_list":{"0":"post-527716","1":"post","2":"type-post","3":"status-publish","4":"format-standard","5":"has-post-thumbnail","7":"category-rouen","8":"tag-actu","9":"tag-actualites","10":"tag-eu","11":"tag-europe","12":"tag-fr","13":"tag-france","14":"tag-news","15":"tag-normandie","16":"tag-republique-francaise","17":"tag-rouen"},"share_on_mastodon":{"url":"https:\/\/pubeurope.com\/@fr\/115532578491686064","error":""},"_links":{"self":[{"href":"https:\/\/www.europesays.com\/fr\/wp-json\/wp\/v2\/posts\/527716","targetHints":{"allow":["GET"]}}],"collection":[{"href":"https:\/\/www.europesays.com\/fr\/wp-json\/wp\/v2\/posts"}],"about":[{"href":"https:\/\/www.europesays.com\/fr\/wp-json\/wp\/v2\/types\/post"}],"author":[{"embeddable":true,"href":"https:\/\/www.europesays.com\/fr\/wp-json\/wp\/v2\/users\/2"}],"replies":[{"embeddable":true,"href":"https:\/\/www.europesays.com\/fr\/wp-json\/wp\/v2\/comments?post=527716"}],"version-history":[{"count":0,"href":"https:\/\/www.europesays.com\/fr\/wp-json\/wp\/v2\/posts\/527716\/revisions"}],"wp:featuredmedia":[{"embeddable":true,"href":"https:\/\/www.europesays.com\/fr\/wp-json\/wp\/v2\/media\/527717"}],"wp:attachment":[{"href":"https:\/\/www.europesays.com\/fr\/wp-json\/wp\/v2\/media?parent=527716"}],"wp:term":[{"taxonomy":"category","embeddable":true,"href":"https:\/\/www.europesays.com\/fr\/wp-json\/wp\/v2\/categories?post=527716"},{"taxonomy":"post_tag","embeddable":true,"href":"https:\/\/www.europesays.com\/fr\/wp-json\/wp\/v2\/tags?post=527716"}],"curies":[{"name":"wp","href":"https:\/\/api.w.org\/{rel}","templated":true}]}}