{"id":527722,"date":"2025-11-11T18:55:20","date_gmt":"2025-11-11T18:55:20","guid":{"rendered":"https:\/\/www.europesays.com\/fr\/527722\/"},"modified":"2025-11-11T18:55:20","modified_gmt":"2025-11-11T18:55:20","slug":"des-benevoles-recherches-par-la-banque-alimentaire-de-rennes-pour-la-collecte-annuelle","status":"publish","type":"post","link":"https:\/\/www.europesays.com\/fr\/527722\/","title":{"rendered":"Des b\u00e9n\u00e9voles recherch\u00e9s par la Banque alimentaire de Rennes pour la collecte annuelle"},"content":{"rendered":"<p>La collecte annuelle de la <a href=\"https:\/\/rennes.maville.com\/actu\/actudet_-au-space-le-lait-collecte-par-la-banque-alimentaire-permet-d-aider-1-000-familles-pendant-un-an-_7-6983770_actu.Htm?utm_source=troove&amp;utm_medium=site\" target=\"_self\" rel=\"noopener\">Banque alimentaire de Rennes (Ille-et-Vilaine)<\/a> se d\u00e9roulera du 28 au 30\u00a0novembre 2025. <strong>\u00ab\u00a0Ces trois jours de collecte de produits secs dans les 177\u00a0magasins de notre territoire, va mobiliser pr\u00e8s de 3\u00a0500\u00a0b\u00e9n\u00e9voles\u00a0\u00bb<\/strong>, rappelle la Banque alimentaire. Son succ\u00e8s <strong>\u00ab\u00a0d\u00e9pend en grande partie du recrutement et de l\u2019engagement des b\u00e9n\u00e9voles pour aller au-devant des donateurs\u00a0\u00bb<\/strong>.<\/p>\n<p>Des besoins en b\u00e9n\u00e9volat<\/p>\n<p>La recherche de ces derniers <strong>\u00ab\u00a0est en cours\u00a0\u00bb<\/strong>. Les m\u00e9thodes\u00a0traditionnelles (appels aux anciens b\u00e9n\u00e9voles, recours aux clubs service, universit\u00e9s, grandes \u00e9coles\u2026) <strong>\u00ab\u00a0s\u2019av\u00e8rent d\u00e9terminantes\u00a0\u00bb<\/strong>. <a href=\"https:\/\/rennes.maville.com\/actu\/actudet_-a-pace-une-fabrique-de-confitures-pour-reinserer-des-personnes-tout-en-evitant-le-gaspillage-_7-6992322_actu.Htm?utm_source=troove&amp;utm_medium=site\" target=\"_self\" rel=\"noopener\">La Banque alimentaire<\/a> propose \u00e0 tout un chacun <strong>\u00ab\u00a0d\u2019apporter votre pierre \u00e0 l\u2019\u00e9difice, en vous mobilisant durant ce week-end et en donnant deux ou quatre heures de votre temps sur un cr\u00e9neau horaire, dans\u00a0l\u2019un des magasins proches de chez vous\u00a0\u00bb<\/strong>.<\/p>\n<p><strong>Contact\u00a0:<\/strong> ba352.collecte@banquealimentaire.org\u00a0; tel\u00a0: 02\u00a023\u00a035\u00a017\u00a030 et sur l\u2019appli collecte.banquealimentaire.org\/ba352.<\/p>\n<p>\u00a0<\/p>\n","protected":false},"excerpt":{"rendered":"La collecte annuelle de la Banque alimentaire de Rennes (Ille-et-Vilaine) se d\u00e9roulera du 28 au 30\u00a0novembre 2025. \u00ab\u00a0Ces&hellip;\n","protected":false},"author":2,"featured_media":527723,"comment_status":"","ping_status":"","sticky":false,"template":"","format":"standard","meta":{"footnotes":""},"categories":[2821],"tags":[1111,11,13194,26582,523,15089,829,10957,1777,674,1011,27,12,10468,584,25],"class_list":{"0":"post-527722","1":"post","2":"type-post","3":"status-publish","4":"format-standard","5":"has-post-thumbnail","7":"category-rennes","8":"tag-actu","9":"tag-actualites","10":"tag-alimentaire","11":"tag-annuelle","12":"tag-banque","13":"tag-benevoles","14":"tag-bretagne","15":"tag-collecte","16":"tag-eu","17":"tag-europe","18":"tag-fr","19":"tag-france","20":"tag-news","21":"tag-recherches","22":"tag-rennes","23":"tag-republique-francaise"},"share_on_mastodon":{"url":"https:\/\/pubeurope.com\/@fr\/115532590335830653","error":""},"_links":{"self":[{"href":"https:\/\/www.europesays.com\/fr\/wp-json\/wp\/v2\/posts\/527722","targetHints":{"allow":["GET"]}}],"collection":[{"href":"https:\/\/www.europesays.com\/fr\/wp-json\/wp\/v2\/posts"}],"about":[{"href":"https:\/\/www.europesays.com\/fr\/wp-json\/wp\/v2\/types\/post"}],"author":[{"embeddable":true,"href":"https:\/\/www.europesays.com\/fr\/wp-json\/wp\/v2\/users\/2"}],"replies":[{"embeddable":true,"href":"https:\/\/www.europesays.com\/fr\/wp-json\/wp\/v2\/comments?post=527722"}],"version-history":[{"count":0,"href":"https:\/\/www.europesays.com\/fr\/wp-json\/wp\/v2\/posts\/527722\/revisions"}],"wp:featuredmedia":[{"embeddable":true,"href":"https:\/\/www.europesays.com\/fr\/wp-json\/wp\/v2\/media\/527723"}],"wp:attachment":[{"href":"https:\/\/www.europesays.com\/fr\/wp-json\/wp\/v2\/media?parent=527722"}],"wp:term":[{"taxonomy":"category","embeddable":true,"href":"https:\/\/www.europesays.com\/fr\/wp-json\/wp\/v2\/categories?post=527722"},{"taxonomy":"post_tag","embeddable":true,"href":"https:\/\/www.europesays.com\/fr\/wp-json\/wp\/v2\/tags?post=527722"}],"curies":[{"name":"wp","href":"https:\/\/api.w.org\/{rel}","templated":true}]}}