{"id":527725,"date":"2025-11-11T18:57:38","date_gmt":"2025-11-11T18:57:38","guid":{"rendered":"https:\/\/www.europesays.com\/fr\/527725\/"},"modified":"2025-11-11T18:57:38","modified_gmt":"2025-11-11T18:57:38","slug":"en-novembre-la-ville-lutte-contre-les-violences-faites-aux-femmes","status":"publish","type":"post","link":"https:\/\/www.europesays.com\/fr\/527725\/","title":{"rendered":"en novembre, la ville lutte contre les violences faites aux femmes"},"content":{"rendered":"<p><b>\u00ab\u00a0Strasbourg ville f\u00e9ministe\u00a0\u00bb, lit-on sur l\u2019affiche. Preuve en est\u00a0: ce colloque d\u2019utilit\u00e9 publique qui cette ann\u00e9e encore, s\u2019y tiendra pour parler de \u00ab\u00a0Lutte contre les violences faites aux femmes\u00a0\u00bb. Un sujet toujours d\u2019actualit\u00e9, et qui pour cette 15e \u00e9dition, se penchera le 25 novembre sur \u00ab\u00a0L\u2019Art en lutte\u00a0\u00bb. Une journ\u00e9e de conf\u00e9rences, d\u00e9bats, concerts, ateliers, expos et autres rencontres gratuites. Pour \u00e9crire ensemble, un monde plus juste.<\/b><\/p>\n<p>Qu\u2019ils ou elles soient chercheuses, artistes, journaliste, politicien, m\u00e9decin, directeur ou directrice de structures\u2026 Plusieurs actrices et acteurs du secteur culturel nous donneront rendez-vous le mardi 25 novembre <b>au PMC (Palais de la Musique et des Congr\u00e8s de Strasbourg)<\/b>, pour <b>la 15e \u00e9dition du Colloque Lutte contre les violences faites aux femmes<\/b>.<\/p>\n<p>Au programme\u00a0? <b>Conf\u00e9rences et tables-rondes, expositions et concerts<\/b>. Apr\u00e8s une \u00e9dition 2024 sur \u00ab\u00a0R\u00e9sister en f\u00e9ministes\u00a0\u00bb, celle-ci partira en croisade contre le sexisme, avec pour banni\u00e8re : <b>\u00ab\u00a0L\u2019Art en lutte\u00a0<\/b>\u00bb<b>, le th\u00e8me de cette ann\u00e9e<\/b>. Une journ\u00e9e <b>gratuite<\/b>, et <b>ouverte \u00e0 tous et toutes<\/b>, \u00e0 retrouver au PMC, ou <b>en streaming<\/b>, pour participer \u00e0 distance.<\/p>\n<p>    <img width=\"800\" height=\"533\" src=\"https:\/\/www.europesays.com\/fr\/wp-content\/uploads\/2025\/11\/f3a9179-v1-800x533.jpg\" class=\"attachment-image-size-L size-image-size-L\" alt=\"manifestation f\u00e9ministe Strasbourg\" decoding=\"async\" loading=\"lazy\"  \/>         Manifestation f\u00e9ministe \u00e0 Strasbourg (2022) \u00a9 Camille Balzinger \/ Pokaa <\/p>\n<p>Ar(t)me de r\u00e9sistance, et r\u00e9paration<\/p>\n<p>Un colloque co-construit avec la Commission pl\u00e9ni\u00e8re \u00e9galit\u00e9 (r\u00e9unissant<b> une vingtaine d\u2019associations f\u00e9ministes locales<\/b>) et la direction de la Culture, qui se penchera sur<b> le monde de l\u2019art et de la culture qui <\/b><b>\u00ab\u00a0n\u2019\u00e9chappe pas aux in\u00e9galit\u00e9s de genre, ni aux violences qui les accompagnent\u00a0\u00bb<\/b>.<\/p>\n<p>Un milieu qui \u00ab\u00a0en est parfois le vecteur, \u00e0 travers <b>des \u0153uvres st\u00e9r\u00e9otyp\u00e9es<\/b>, mais aussi le <b>lieu m\u00eame de violences faites aux femmes<\/b>\u00a0: sexisme, harc\u00e8lement, silenciation\u00a0\u00bb.<\/p>\n<p>                <img width=\"376\" height=\"500\" src=\"https:\/\/www.europesays.com\/fr\/wp-content\/uploads\/2025\/11\/pxl-20241130-133020002-376x500.jpg\" class=\"attachment-gallery size-gallery\" alt=\"Colloque Lutte contre les violences faites aux femmes\" data-full-url=\"https:\/\/pokaa.fr\/wp-content\/uploads\/2025\/11\/10\/pxl-20241130-133020002.jpg\" decoding=\"async\" loading=\"lazy\"  \/>            <\/p>\n<p>                <img width=\"376\" height=\"500\" src=\"https:\/\/www.europesays.com\/fr\/wp-content\/uploads\/2025\/11\/pxl-20241130-112449693-376x500.jpg\" class=\"attachment-gallery size-gallery\" alt=\"Colloque Lutte contre les violences faites aux femmes\" data-full-url=\"https:\/\/pokaa.fr\/wp-content\/uploads\/2025\/11\/10\/pxl-20241130-112449693.jpg\" decoding=\"async\" loading=\"lazy\"  \/>            <\/p>\n<p>                    Colloque Lutte contre les violences faites aux femmes \u00ab\u00a0R\u00e9sister en f\u00e9ministes\u00a0\u00bb, novembre 2024 \u00a9 Fanny Soriano \/ Pokaa<\/p>\n<p>Mais si l\u2019art exerce encore des rapports de domination, celui-ci peut aussi se r\u00e9v\u00e9ler \u00eatre \u00ab\u00a0un <b>espace de lutte<\/b>, de prise de conscience, <b>d\u2019\u00e9mancipation<\/b> et parfois aussi de r\u00e9paration\u00a0\u00bb gr\u00e2ce aux <b>initiatives et r\u00e9flexions men\u00e9es par les acteurs et actrices du milieu <\/b>\u2013 des institutions culturelles aux artistes \u2013 qui \u00ab\u00a0proposent de <b>faire entendre d\u2019autres voix<\/b>, de <b>sensibiliser<\/b> et de <b>d\u00e9noncer<\/b> les violences sexuelles et sexistes\u00a0\u00bb.<\/p>\n<p>Outre proposer une forme de r\u00e9sistance,<b> l\u2019art offre aussi aux femmes victimes de violences, un espace <\/b><b>\u00ab\u00a0d\u2019expression, de reconstruction et de r\u00e9appropriation de leur r\u00e9cit\u00a0<\/b><b>\u00bb<\/b>, et participe \u00e0 un \u00ab\u00a0processus de gu\u00e9rison individuelle et collective\u00a0\u00bb.<\/p>\n<p>    <img width=\"600\" height=\"400\" src=\"https:\/\/www.europesays.com\/fr\/wp-content\/uploads\/2025\/11\/f3a9086-v1-600x400.jpg\" class=\"attachment-image-size-M size-image-size-M\" alt=\"manifestation f\u00e9ministe Strasbourg\" decoding=\"async\" loading=\"lazy\"  \/>         \u00a9 Camille Balzinger \/ Pokaa <\/p>\n<p>L&rsquo;Art au c\u0153ur du colloque<\/p>\n<p>Difficile de parler d\u2019art, sans l\u2019inviter dans cette 15e \u00e9dition.<b> Musique, illustration<\/b>\u2026 Outre les conf\u00e9rences et tables-rondes, <b>plusieurs <\/b><b>happenings<\/b><b> artistiques<\/b> rythmeront cette journ\u00e9e de colloque.<\/p>\n<p>    <img width=\"400\" height=\"600\" src=\"https:\/\/www.europesays.com\/fr\/wp-content\/uploads\/2025\/11\/lucie-albrecht.jpg\" class=\"attachment-image-size-M size-image-size-M\" alt=\"Lucie Albrecht + Colloque Luttre contre les violences faites aux femmes\" decoding=\"async\" loading=\"lazy\"  \/>         Carte blanche de Lucie Albrecht pour le Colloque Luttre contre les violences faites aux femmes \u00ab\u00a0L&rsquo;Art en lutte\u00a0\u00bb \u00a9 Lucie Albrecht \/ Document remis <\/p>\n<p>Pour illustrer la th\u00e9matique de cette \u00e9dition (\u00ab\u00a0L\u2019Art en lutte\u00a0\u00bb, contre les violences faites aux femmes), le colloque a offert cette ann\u00e9e, <b>une Carte blanche \u00e0 trois artistes<\/b>.<\/p>\n<p>De la r\u00e9sistance d\u2019une femme au masque de Lucha libre, \u00e0 la force cr\u00e9atrice de mains en feu, ou au pouvoir de r\u00e9paration d\u2019une colonie d\u2019abeilles\u2026 <b>Lucie Albrecht, Amina Bouajila et L\u00e9a Djeziri<\/b> ont ainsi imagin\u00e9 <b>leur propre vision, aussi personnelle qu\u2019engag\u00e9e<\/b>. Trois artistes \u00e0 rencontrer lors d\u2019une s\u00e9ance d\u2019\u00e9changes et de d\u00e9dicaces.<\/p>\n<p>                <img width=\"333\" height=\"500\" src=\"https:\/\/www.europesays.com\/fr\/wp-content\/uploads\/2025\/11\/lea-djeziri-333x500.jpg\" class=\"attachment-gallery size-gallery\" alt=\"L\u00e9a Djeziri + Colloque Luttre contre les violences faites aux femmes\" data-full-url=\"https:\/\/pokaa.fr\/wp-content\/uploads\/2025\/11\/10\/lea-djeziri.jpg\" decoding=\"async\" loading=\"lazy\"  \/>            <\/p>\n<p>                <img width=\"333\" height=\"500\" src=\"https:\/\/www.europesays.com\/fr\/wp-content\/uploads\/2025\/11\/amina-bouajila-333x500.jpg\" class=\"attachment-gallery size-gallery\" alt=\"Amina Bouajila + Colloque Luttre contre les violences faites aux femmes\" data-full-url=\"https:\/\/pokaa.fr\/wp-content\/uploads\/2025\/11\/10\/amina-bouajila.jpg\" decoding=\"async\" loading=\"lazy\"  \/>            <\/p>\n<p>                    Cartes blanches de L\u00e9a Djeziri et d&rsquo;Amina Bouajila pour le Colloque Luttre contre les violences faites aux femmes \u00ab\u00a0L&rsquo;Art en lutte\u00a0\u00bb. \u00c0 gauche : \u00a9 L\u00e9a Djeziri \/ Document remis, \u00e0 droite :\u00a9 Amina Bouajila \/ Document remis<\/p>\n<p>L\u2019exposition <b>Dix illustratrices dans la ville<\/b> reviendra quant \u00e0 elle, sur le dispositif de visibilisation du travail des artistes f\u00e9minines, mis en place par la Ville de Strasbourg lors de sa programmation \u00e0 l\u2019\u00c9t\u00e9 Culturel 2021, suite au confinement ayant fragilis\u00e9 le milieu culturel.<\/p>\n<p>Celle-ci avait offert \u00e0 chacune des<b> dix illustratrices, des espaces d\u2019affichage public<\/b>. Des artistes s\u00e9lectionn\u00e9es en partenariat avec ses partenaires r\u00e9guliers\u00a0: l\u2019Atelier Illustration de la HEAR (Haute \u00c9cole des Arts du Rhin) et Central Vapeur.<\/p>\n<p>    <img width=\"800\" height=\"450\" src=\"https:\/\/www.europesays.com\/fr\/wp-content\/uploads\/2025\/11\/20210318_144329-scaled-e1616173225499.jpg\" class=\"attachment-image-size-L size-image-size-L\" alt=\"6e rencontres illustration Strasbourg 2021 parcours affiche III\" decoding=\"async\" loading=\"lazy\"\/>         6e Rencontres de l&rsquo;Illustration, Strasbourg 2021 \u00a9 A.Me pour Pokaa <\/p>\n<p>Dans l\u2019Agora s\u2019affichera<b> <\/b>par ailleurs <b>l\u2019exposition <\/b><b>Des cartes, des femmes<\/b>, qui s\u2019interroge sur <b>la place des <\/b><b>femmes dans la ville<\/b>, \u00ab\u00a0entre espaces tangibles et imaginaires\u00a0\u00bb, \u00ab\u00a0cartes g\u00e9ographiques et cartes mentales\u00a0\u00bb, qui rentrent en dialogue \u00e0 travers <b>les illustrations des artistes f\u00e9ministes Garance Coquart-Pocztar et Nadia <\/b><b>Diz Grana<\/b>.<\/p>\n<p>    <img width=\"600\" height=\"377\" src=\"https:\/\/www.europesays.com\/fr\/wp-content\/uploads\/2025\/11\/garance-coquart-pocztar-et-nadia-diz-grana-ris-2023-e1678468237256-600x377.jpg\" class=\"attachment-image-size-M size-image-size-M\" alt=\"\u00a9 Garance Coquart-Pocztar et Nadia Diz Grana + RIS 2023\" decoding=\"async\" loading=\"lazy\"  \/>         Exposition \u00ab\u00a0Des cartes, des femmes\u00a0\u00bb \u00a9 Garance Coquart-Pocztar et Nadia Diz Grana <\/p>\n<p>La musique tiendra aussi une grande place dans la programmation, avec plusieurs rendez-vous musicaux. \u00c0 l\u2019instar du <b>cin\u00e9-concert <\/b><b>Femmes Caravane <\/b><b>par l\u2019ensemble Vir\u00eavolte<\/b> qui nous proposera de mieux nous \u00ab\u00a0entendre\u00a0\u00bb. \u00ab\u00a0<b>La musique fait soci\u00e9t\u00e9\u00a0<\/b>: elle nous donne la capacit\u00e9 d\u2019<b>\u00eatre \u00e0 l\u2019\u00e9coute de soi et des autres <\/b>et de porter sur elle, sur eux, un regard nouveau\u00a0\u00bb, nous dit-on.<\/p>\n<p>R\u00e9unissant \u00ab\u00a0des esth\u00e9tiques et des personnes que tout semble opposer\u00a0\u00bb, cet ensemble (men\u00e9 depuis 12 ans par Aurore Bucher) nous montrera comment \u00ab\u00a0par la voix et par le jeu, des liens insoup\u00e7onn\u00e9s se r\u00e9v\u00e8lent et dynamitent les id\u00e9es re\u00e7ues\u00a0\u00bb. <b>Monteverdi, Mozart, Madonna ou Brigitte Fontaine<\/b>\u00a0: Vir\u00eavolte compte bien nous embarquer \u00ab\u00a0au-del\u00e0 des genres et des fronti\u00e8res culturelles\u00a0\u00bb.<\/p>\n<p>    <img width=\"800\" height=\"532\" src=\"https:\/\/www.europesays.com\/fr\/wp-content\/uploads\/2025\/11\/djset_patiomaillon_09-06-22_laetitiapiccarreta_web-38.jpg\" class=\"attachment-image-size-L size-image-size-L\" alt=\"Maillon + th\u00e9\u00e2tre + BIM + PAM + B!M + bistrot + patio + dj set + zhar\" decoding=\"async\" loading=\"lazy\"  \/>         DJ set de Zhar au PAM ! \u00a9 Laetitia Piccarreta \/ Document remis <\/p>\n<p>Nous la citions plus haut\u00a0:<b> la DJ franco-marocaine Zhar <\/b>\u2013 tr\u00e8s active sur la sc\u00e8ne \u00e9lectro strasbourgeoise \u2013 viendra elle, cl\u00f4turer ce colloque en musique, avec<b> un DJ set immersif<\/b> \u00ab\u00a0entre techno percutante, hip-hop revendicatif et textures sonores inspir\u00e9es des musiques chamaniques et soufies\u00a0\u00bb.<\/p>\n<p>Une performance musicale qui \u00ab\u00a0s\u2019envisage comme <b>un solo de danse \u00e9lectronique, un cri de r\u00e9sistance et de r\u00e9appropriation<\/b>\u00a0\u00bb, pour \u00ab\u00a0ressentir, \u00e0 travers le corps et la transe, <b>la force collective des luttes et des renaissances<\/b>\u00a0\u00bb.<\/p>\n<p>Pour aller plus loin\u00a0: l&rsquo;Agora<\/p>\n<p>Pour aller plus loin \u2013 et s\u2019investir, peut-\u00eatre \u2013, retrouvez <b>toute la journ\u00e9e des acteurs et actrices du territoire issu(e)s du monde associatif ou institutionnel <\/b>qui viendront pr\u00e9senter les actions de leurs <b>structures qui luttent au quotidien contre les violences faites aux femmes<\/b>.<\/p>\n<p>Des missions qui recouvrent la sensibilisation, la pr\u00e9vention et ou l\u2019accompagnement des victimes. Une mani\u00e8re de<b> s\u2019informer, soutenir, ou m\u00eame s\u2019inscrire<\/b>.<\/p>\n<p>    <img width=\"800\" height=\"600\" src=\"https:\/\/www.europesays.com\/fr\/wp-content\/uploads\/2025\/11\/candice-mixe-transition-dj-atelier.jpg\" class=\"attachment-image-size-L size-image-size-L\" alt=\"wom.x DJ mix musique\" decoding=\"async\" loading=\"lazy\"  \/>         Atelier Wom.x \u00a9 Camille Balzinger \/ Pokaa <\/p>\n<p>Le <b>collectif Wom\u00b7x <\/b>(qui a pour objectif d\u2019amplifier la pr\u00e9sence f\u00e9minine en musique \u00e9lectronique) y tiendra <b>des ateliers \u00ab\u00a0flash\u00a0\u00bb d\u2019initiation au mix sur platines<\/b>. Et <b>les M\u00e9diath\u00e8ques <\/b>et Espace \u00e9galit\u00e9 de la m\u00e9diath\u00e8que Olympe de Gouges y pr\u00e9senteront quant \u00e0 elles, <b>un comptoir de pr\u00eat de <\/b><b>documents<\/b> issus de leurs fonds, pour prolonger la r\u00e9flexion.<\/p>\n<p>Une programmation riche, ouverte \u00e0 tous et toutes, pour r\u00e9fl\u00e9chir et agir ensemble, contre les violences faites aux femmes.<\/p>\n<p>Pour rappel, si vous \u00eates<b> t\u00e9moin ou vous-m\u00eames victime de violences sexistes ou sexuelles\u00a0: 3919<\/b>. Le num\u00e9ro d\u2019\u00e9coute national (port\u00e9 par la F\u00e9d\u00e9ration Nationale Solidarit\u00e9 Femmes)<br \/><b>Appel anonyme et gratuit, accessible 24h\/24 et 7j\/7<\/b><\/p>\n<p>            Colloque\u00a0: Lutte contre les violences faites aux femmes \u2013 15e \u00e9dition<\/p>\n<p>            Quoi ? <\/p>\n<p>Colloque avec conf\u00e9rences, d\u00e9bats, concerts, ateliers, expos et autres rencontres gratuites<\/p>\n<p>                Quand ?<\/p>\n<p>Mardi 25 novembre de 8h15 \u00e0 17h<\/p>\n<p>            o\u00f9 ?<\/p>\n<p>Au PMC (Palais de la Musique et des Congr\u00e8s de Strasbourg)<br \/>Place de Bordeaux \u00e0 Strasbourg<\/p>\n<p>                Plus d&rsquo;infos ?<\/p>\n<p><a href=\"https:\/\/www.strasbourg.eu\/-\/colloque-femmes-2025\" target=\"_blank\" rel=\"noopener\">Infos<\/a><br \/><a href=\"https:\/\/www.eventbrite.fr\/e\/billets-colloque-25-novembre-lart-en-lutte-1741679011809\" target=\"_blank\" rel=\"noopener\">Inscriptions (gratuites)<\/a><\/p>\n","protected":false},"excerpt":{"rendered":"\u00ab\u00a0Strasbourg ville f\u00e9ministe\u00a0\u00bb, lit-on sur l\u2019affiche. Preuve en est\u00a0: ce colloque d\u2019utilit\u00e9 publique qui cette ann\u00e9e encore, s\u2019y&hellip;\n","protected":false},"author":2,"featured_media":527726,"comment_status":"","ping_status":"","sticky":false,"template":"","format":"standard","meta":{"footnotes":""},"categories":[2820],"tags":[1111,11,14117,6211,10660,1777,674,6757,1011,27,775,326,12,25,640,53109],"class_list":{"0":"post-527725","1":"post","2":"type-post","3":"status-publish","4":"format-standard","5":"has-post-thumbnail","7":"category-strasbourg","8":"tag-actu","9":"tag-actualites","10":"tag-colloque","11":"tag-conference","12":"tag-egalite","13":"tag-eu","14":"tag-europe","15":"tag-feminisme","16":"tag-fr","17":"tag-france","18":"tag-grand-est","19":"tag-gratuit","20":"tag-news","21":"tag-republique-francaise","22":"tag-strasbourg","23":"tag-vss"},"share_on_mastodon":{"url":"https:\/\/pubeurope.com\/@fr\/115532601033661064","error":""},"_links":{"self":[{"href":"https:\/\/www.europesays.com\/fr\/wp-json\/wp\/v2\/posts\/527725","targetHints":{"allow":["GET"]}}],"collection":[{"href":"https:\/\/www.europesays.com\/fr\/wp-json\/wp\/v2\/posts"}],"about":[{"href":"https:\/\/www.europesays.com\/fr\/wp-json\/wp\/v2\/types\/post"}],"author":[{"embeddable":true,"href":"https:\/\/www.europesays.com\/fr\/wp-json\/wp\/v2\/users\/2"}],"replies":[{"embeddable":true,"href":"https:\/\/www.europesays.com\/fr\/wp-json\/wp\/v2\/comments?post=527725"}],"version-history":[{"count":0,"href":"https:\/\/www.europesays.com\/fr\/wp-json\/wp\/v2\/posts\/527725\/revisions"}],"wp:featuredmedia":[{"embeddable":true,"href":"https:\/\/www.europesays.com\/fr\/wp-json\/wp\/v2\/media\/527726"}],"wp:attachment":[{"href":"https:\/\/www.europesays.com\/fr\/wp-json\/wp\/v2\/media?parent=527725"}],"wp:term":[{"taxonomy":"category","embeddable":true,"href":"https:\/\/www.europesays.com\/fr\/wp-json\/wp\/v2\/categories?post=527725"},{"taxonomy":"post_tag","embeddable":true,"href":"https:\/\/www.europesays.com\/fr\/wp-json\/wp\/v2\/tags?post=527725"}],"curies":[{"name":"wp","href":"https:\/\/api.w.org\/{rel}","templated":true}]}}