{"id":527727,"date":"2025-11-11T18:58:17","date_gmt":"2025-11-11T18:58:17","guid":{"rendered":"https:\/\/www.europesays.com\/fr\/527727\/"},"modified":"2025-11-11T18:58:17","modified_gmt":"2025-11-11T18:58:17","slug":"chalets-deco-du-grand-sapin-a-deux-semaines-de-louverture-les-lutins-sactivent","status":"publish","type":"post","link":"https:\/\/www.europesays.com\/fr\/527727\/","title":{"rendered":"chalets, d\u00e9co du grand sapin&#8230; \u00e0 deux semaines de l\u2019ouverture, les lutins s\u2019activent"},"content":{"rendered":"<p>Si dans les contes, ils se manifestent surtout la nuit, \u00e0 Strasbourg, on les croise aussi de jour\u2026 F\u00e9ri\u00e9, notamment, tant leur hyperactivit\u00e9 saisonni\u00e8re s\u2019accommode mal de la fr\u00e9n\u00e9sie ordinaire d\u2019une ville de pr\u00e8s de 300\u00a0000 habitants.<\/p>\n<p>Ce mardi 11\u00a0novembre, dans le centre-ville de Strasbourg et <a href=\"https:\/\/www.dna.fr\/culture-loisirs\/2025\/11\/05\/marche-de-noel-en-conference-de-presse-la-ville-annonce-un-retour-a-l-authentique\" target=\"_blank\" rel=\"noopener\">\u00e0 deux semaines de l\u2019ouverture de <\/a><a href=\"https:\/\/www.dna.fr\/culture-loisirs\/2025\/11\/05\/marche-de-noel-en-conference-de-presse-la-ville-annonce-un-retour-a-l-authentique\" target=\"_blank\" rel=\"noopener\">Strasbourg Capitale de No\u00ebl<\/a><a href=\"https:\/\/www.dna.fr\/culture-loisirs\/2025\/11\/05\/marche-de-noel-en-conference-de-presse-la-ville-annonce-un-retour-a-l-authentique\" target=\"_blank\" rel=\"noopener\"> 2025<\/a> , les lutins du p\u00e8re No\u00ebl sont partout\u00a0! Rue du Foss\u00e9-des-Tanneurs, perch\u00e9s sur le toit d\u2019une camionnette, les bras charg\u00e9s de branches de sapin\u00a0; devant les Galeries Lafayette, o\u00f9 les vitrines de No\u00ebl s\u2019illumineront ce mercredi \u00e0 17\u00a0h.<\/p>\n<p>Certains veillent sur la trentaine de chalets parqu\u00e9s place du Ch\u00e2teau en attendant d\u2019\u00eatre install\u00e9s\u00a0; tandis que d\u2019autres tendent un ciel de guirlandes&#8230;<\/p>\n","protected":false},"excerpt":{"rendered":"Si dans les contes, ils se manifestent surtout la nuit, \u00e0 Strasbourg, on les croise aussi de jour\u2026&hellip;\n","protected":false},"author":2,"featured_media":527728,"comment_status":"","ping_status":"","sticky":false,"template":"","format":"standard","meta":{"footnotes":""},"categories":[2820],"tags":[1111,11,1477,4406,130,33,2880,1777,674,107,1011,27,775,12,15830,25,104,640,2879,1631],"class_list":{"0":"post-527727","1":"post","2":"type-post","3":"status-publish","4":"format-standard","5":"has-post-thumbnail","7":"category-strasbourg","8":"tag-actu","9":"tag-actualites","10":"tag-artisanat","11":"tag-commerce-et-services","12":"tag-consommation","13":"tag-economie","14":"tag-edition-strasbourg","15":"tag-eu","16":"tag-europe","17":"tag-fil-info","18":"tag-fr","19":"tag-france","20":"tag-grand-est","21":"tag-news","22":"tag-noel","23":"tag-republique-francaise","24":"tag-societe","25":"tag-strasbourg","26":"tag-strasbourg-ville","27":"tag-vie-associative"},"share_on_mastodon":{"url":"https:\/\/pubeurope.com\/@fr\/115532602173560592","error":""},"_links":{"self":[{"href":"https:\/\/www.europesays.com\/fr\/wp-json\/wp\/v2\/posts\/527727","targetHints":{"allow":["GET"]}}],"collection":[{"href":"https:\/\/www.europesays.com\/fr\/wp-json\/wp\/v2\/posts"}],"about":[{"href":"https:\/\/www.europesays.com\/fr\/wp-json\/wp\/v2\/types\/post"}],"author":[{"embeddable":true,"href":"https:\/\/www.europesays.com\/fr\/wp-json\/wp\/v2\/users\/2"}],"replies":[{"embeddable":true,"href":"https:\/\/www.europesays.com\/fr\/wp-json\/wp\/v2\/comments?post=527727"}],"version-history":[{"count":0,"href":"https:\/\/www.europesays.com\/fr\/wp-json\/wp\/v2\/posts\/527727\/revisions"}],"wp:featuredmedia":[{"embeddable":true,"href":"https:\/\/www.europesays.com\/fr\/wp-json\/wp\/v2\/media\/527728"}],"wp:attachment":[{"href":"https:\/\/www.europesays.com\/fr\/wp-json\/wp\/v2\/media?parent=527727"}],"wp:term":[{"taxonomy":"category","embeddable":true,"href":"https:\/\/www.europesays.com\/fr\/wp-json\/wp\/v2\/categories?post=527727"},{"taxonomy":"post_tag","embeddable":true,"href":"https:\/\/www.europesays.com\/fr\/wp-json\/wp\/v2\/tags?post=527727"}],"curies":[{"name":"wp","href":"https:\/\/api.w.org\/{rel}","templated":true}]}}