{"id":527733,"date":"2025-11-11T19:02:12","date_gmt":"2025-11-11T19:02:12","guid":{"rendered":"https:\/\/www.europesays.com\/fr\/527733\/"},"modified":"2025-11-11T19:02:12","modified_gmt":"2025-11-11T19:02:12","slug":"carquefou-la-maison-des-seniors-active-en-novembre","status":"publish","type":"post","link":"https:\/\/www.europesays.com\/fr\/527733\/","title":{"rendered":"Carquefou. La maison des seniors active en novembre"},"content":{"rendered":"<p>La Maison de seniors organise en novembre des animations.<\/p>\n<p>Un parcours bien-\u00eatre bas\u00e9 sur l\u2019estime de soi et de son image est organis\u00e9 chaque mardi. Pour se divertir et voyager, une projection documentaire sur le Sulawesi sud \u00e0 la rencontre des Torajas et des Bugis est organis\u00e9e le 14\u00a0novembre.<\/p>\n<p>Un apr\u00e8s-midi jeux de soci\u00e9t\u00e9 est pr\u00e9vu le 24\u00a0novembre. Une sortie au Festival des 3\u00a0Continents est planifi\u00e9e le 26\u00a0novembre.<\/p>\n<p>La r\u00e9alisation et confection d\u2019articles se poursuivront le 17\u00a0novembre et, le 19\u00a0novembre, les seniors proposent au Super U une vente d\u2019objets faits mains, id\u00e9es cadeaux ou petits plaisirs, au profit du T\u00e9l\u00e9thon.<\/p>\n<p>Des cycles cyber-seniors (initiation \u00e0 l\u2019ordinateur, bonnes pratiques, gestion des fichiers ou des logiciels), sont organis\u00e9s les 17, 18 et 28\u00a0novembre.<\/p>\n<p>Une balade bucolique au parc de la Chantrerie est au planning de la journ\u00e9e du 19\u00a0novembre.<\/p>\n<p>Une matin\u00e9e pr\u00e9vention S\u00e9curit\u00e9 routi\u00e8re avec un moniteur d\u2019auto-\u00e9cole aura lieu le 23\u00a0novembre. Une initiation \u00e0 la danse en ligne est programm\u00e9e le 21\u00a0novembre avec Olivier de l\u2019association Happy Feet.<\/p>\n<p>Le 3\u00a0d\u00e9cembre, Brico-Cr\u00e9a projette la fabrication de d\u00e9corations de No\u00ebl pour la maison des seniors et une sortie permettra de profiter de l\u2019ambiance du march\u00e9 de No\u00ebl aux Renaudi\u00e8res le 5\u00a0d\u00e9cembre.<\/p>\n<p>Rens. et ins.\u00a0: CCAS, 18, rue Jules-Verne\u00a0; t\u00e9l.\u00a0: 02\u00a028\u00a022\u00a020\u00a021\u00a0; https:\/\/www.carquefou.fr\/programmation-maison-des-seniors\/.<\/p>\n<p>\u00a0<\/p>\n","protected":false},"excerpt":{"rendered":"La Maison de seniors organise en novembre des animations. Un parcours bien-\u00eatre bas\u00e9 sur l\u2019estime de soi et&hellip;\n","protected":false},"author":2,"featured_media":527734,"comment_status":"","ping_status":"","sticky":false,"template":"","format":"standard","meta":{"footnotes":""},"categories":[2818],"tags":[14683,1111,11,3862,1777,674,1011,27,2142,766,12,24649,2636,25,3552],"class_list":{"0":"post-527733","1":"post","2":"type-post","3":"status-publish","4":"format-standard","5":"has-post-thumbnail","7":"category-nantes","8":"tag-active","9":"tag-actu","10":"tag-actualites","11":"tag-carquefou","12":"tag-eu","13":"tag-europe","14":"tag-fr","15":"tag-france","16":"tag-maison","17":"tag-nantes","18":"tag-news","19":"tag-novembre","20":"tag-pays-de-la-loire","21":"tag-republique-francaise","22":"tag-seniors"},"share_on_mastodon":{"url":"https:\/\/pubeurope.com\/@fr\/115532617768447757","error":""},"_links":{"self":[{"href":"https:\/\/www.europesays.com\/fr\/wp-json\/wp\/v2\/posts\/527733","targetHints":{"allow":["GET"]}}],"collection":[{"href":"https:\/\/www.europesays.com\/fr\/wp-json\/wp\/v2\/posts"}],"about":[{"href":"https:\/\/www.europesays.com\/fr\/wp-json\/wp\/v2\/types\/post"}],"author":[{"embeddable":true,"href":"https:\/\/www.europesays.com\/fr\/wp-json\/wp\/v2\/users\/2"}],"replies":[{"embeddable":true,"href":"https:\/\/www.europesays.com\/fr\/wp-json\/wp\/v2\/comments?post=527733"}],"version-history":[{"count":0,"href":"https:\/\/www.europesays.com\/fr\/wp-json\/wp\/v2\/posts\/527733\/revisions"}],"wp:featuredmedia":[{"embeddable":true,"href":"https:\/\/www.europesays.com\/fr\/wp-json\/wp\/v2\/media\/527734"}],"wp:attachment":[{"href":"https:\/\/www.europesays.com\/fr\/wp-json\/wp\/v2\/media?parent=527733"}],"wp:term":[{"taxonomy":"category","embeddable":true,"href":"https:\/\/www.europesays.com\/fr\/wp-json\/wp\/v2\/categories?post=527733"},{"taxonomy":"post_tag","embeddable":true,"href":"https:\/\/www.europesays.com\/fr\/wp-json\/wp\/v2\/tags?post=527733"}],"curies":[{"name":"wp","href":"https:\/\/api.w.org\/{rel}","templated":true}]}}