{"id":527741,"date":"2025-11-11T19:06:12","date_gmt":"2025-11-11T19:06:12","guid":{"rendered":"https:\/\/www.europesays.com\/fr\/527741\/"},"modified":"2025-11-11T19:06:12","modified_gmt":"2025-11-11T19:06:12","slug":"le-super-tout-nu-occitan-debarque-dans-le-nord","status":"publish","type":"post","link":"https:\/\/www.europesays.com\/fr\/527741\/","title":{"rendered":"Le Super tout nu occitan d\u00e9barque dans le Nord"},"content":{"rendered":"<p>Le <a href=\"https:\/\/www.touleco.fr\/A-Labege-l-inauguration-du-Super-tout-nu-premier-supermarche,41665\" class=\"spip_in\" target=\"_blank\" rel=\"noopener\">Super tout nu<\/a> d\u00e9barque dans la r\u00e9gion Nord. Ce premier Super tout nu, install\u00e9 pr\u00e8s de Lille, n\u2019est autre que <a href=\"https:\/\/www.touleco.fr\/Salome-Geraud-Le-Drive-tout-Nu-L-innovation-n-a-pas-qu-un-seul,45713\" class=\"spip_in\" target=\"_blank\" rel=\"noopener\">Le Drive tout nu<\/a> de Marquette-lez-Lille qui se transforme. Il accueille d\u00e9sormais ses clients dans un supermarch\u00e9 physique de 200 m\u00e8tres carr\u00e9s proposant pr\u00e8s de 3000 r\u00e9f\u00e9rences de produits du quotidien, conditionn\u00e9s dans des bocaux en verre ou des sacs en toile consign\u00e9s. C\u2019est le deuxi\u00e8me Super tout nu du territoire.<\/p>\n<p>Fond\u00e9 par Pierre et Salom\u00e9 G\u00e9raud en 2018 dans la r\u00e9gion toulousaine, Le Drive tout nu a bouscul\u00e9 le secteur de la grande distribution \u00e0 travers sa promotion du z\u00e9ro d\u00e9chet. Le premier Super tout nu a \u00e9t\u00e9 inaugur\u00e9 en 2024 \u00e0 Toulouse. L\u2019entreprise pionni\u00e8re dans la distribution alimentaire z\u00e9ro d\u00e9chet  vise l\u2019ouverture de 25 nouveaux points de vente d\u2019ici \u00e0 2027.<\/p>\n","protected":false},"excerpt":{"rendered":"Le Super tout nu d\u00e9barque dans la r\u00e9gion Nord. Ce premier Super tout nu, install\u00e9 pr\u00e8s de Lille,&hellip;\n","protected":false},"author":2,"featured_media":373637,"comment_status":"","ping_status":"","sticky":false,"template":"","format":"standard","meta":{"footnotes":""},"categories":[2816],"tags":[1111,11,5825,64700,12223,1777,674,1011,27,12,2680,25,2312,16155],"class_list":{"0":"post-527741","1":"post","2":"type-post","3":"status-publish","4":"format-standard","5":"has-post-thumbnail","7":"category-toulouse","8":"tag-actu","9":"tag-actualites","10":"tag-agroalimentaire","11":"tag-drive-tout-nu","12":"tag-durable","13":"tag-eu","14":"tag-europe","15":"tag-fr","16":"tag-france","17":"tag-news","18":"tag-occitanie","19":"tag-republique-francaise","20":"tag-toulouse","21":"tag-transition-ecologique"},"share_on_mastodon":{"url":"https:\/\/pubeurope.com\/@fr\/115532633517478302","error":""},"_links":{"self":[{"href":"https:\/\/www.europesays.com\/fr\/wp-json\/wp\/v2\/posts\/527741","targetHints":{"allow":["GET"]}}],"collection":[{"href":"https:\/\/www.europesays.com\/fr\/wp-json\/wp\/v2\/posts"}],"about":[{"href":"https:\/\/www.europesays.com\/fr\/wp-json\/wp\/v2\/types\/post"}],"author":[{"embeddable":true,"href":"https:\/\/www.europesays.com\/fr\/wp-json\/wp\/v2\/users\/2"}],"replies":[{"embeddable":true,"href":"https:\/\/www.europesays.com\/fr\/wp-json\/wp\/v2\/comments?post=527741"}],"version-history":[{"count":0,"href":"https:\/\/www.europesays.com\/fr\/wp-json\/wp\/v2\/posts\/527741\/revisions"}],"wp:featuredmedia":[{"embeddable":true,"href":"https:\/\/www.europesays.com\/fr\/wp-json\/wp\/v2\/media\/373637"}],"wp:attachment":[{"href":"https:\/\/www.europesays.com\/fr\/wp-json\/wp\/v2\/media?parent=527741"}],"wp:term":[{"taxonomy":"category","embeddable":true,"href":"https:\/\/www.europesays.com\/fr\/wp-json\/wp\/v2\/categories?post=527741"},{"taxonomy":"post_tag","embeddable":true,"href":"https:\/\/www.europesays.com\/fr\/wp-json\/wp\/v2\/tags?post=527741"}],"curies":[{"name":"wp","href":"https:\/\/api.w.org\/{rel}","templated":true}]}}