{"id":527746,"date":"2025-11-11T19:10:12","date_gmt":"2025-11-11T19:10:12","guid":{"rendered":"https:\/\/www.europesays.com\/fr\/527746\/"},"modified":"2025-11-11T19:10:12","modified_gmt":"2025-11-11T19:10:12","slug":"hommages-aux-poilus-a-marseille","status":"publish","type":"post","link":"https:\/\/www.europesays.com\/fr\/527746\/","title":{"rendered":"Hommages aux Poilus \u00e0 Marseille"},"content":{"rendered":"\n<p>\u00ab Garantir la s\u00e9curit\u00e9, la libert\u00e9 et la dignit\u00e9 de chacun, ce projet porte un nom : la R\u00e9publique \u00bb a r\u00e9affirm\u00e9 ce mardi 11 novembre Alice Rufo, ministre d\u00e9l\u00e9gu\u00e9e aupr\u00e8s de la ministre des arm\u00e9es et des anciens combattants par la voix d\u2019Isabelle Epaillard, pr\u00e9f\u00e8te des Bouches-du-Rh\u00f4ne par int\u00e9rim, qui a lu son message lors de la c\u00e9r\u00e9monie d\u2019hommage aux combattants de la Premi\u00e8re guerre mondiale. D\u00e9put\u00e9s, s\u00e9nateurs, le maire de Marseille, Beno\u00eet Payan (DVG), la pr\u00e9sidente de la M\u00e9tropole, Martine Vassale (DVD) et les autorit\u00e9s militaires se sont r\u00e9unis devant la porte d\u2019Aix en fin de matin\u00e9e. Cadets de Marseille et \u00e9l\u00e8ves de 3e du coll\u00e8ge Mallarm\u00e9 \u00e9taient \u00e9galement pr\u00e9sents, assurant la lecture des po\u00e8mes \u00ab Mon enfant \u00bb,, \u00ab 1914 \u00bb, \u00ab Les tranch\u00e9es \u00bb de Fabienne Berthomier ou de \u00ab La derni\u00e8re lettre \u00e9crite \u00e0 ses \u00e9l\u00e8ves par l\u2019Adjudant Henri Boulle. \u00bb<\/p>\n<p>Dans l\u2019apr\u00e8s-midi, c\u2019est au carr\u00e9 militaire du cimeti\u00e8re Saint-Pierre que se sont retrouv\u00e9s des \u00e9lus de la majorit\u00e9 d\u00e9partementale, sous l\u2019\u00e9gide de la pr\u00e9sidente Martine Vassal qu\u2019une c\u00e9r\u00e9monie a eu lieu avec un hommage \u00e0 Gaston Castel, architecte de la Ville de Marseille et des Bouches-du-Rh\u00f4ne, qui a r\u00e9alis\u00e9 plus de 270 b\u00e2timents dont la crypte du cimeti\u00e8re, l\u2019op\u00e9ra de Marseille ou encore les Baumettes&#8230; Mais dont on sait moins qu\u2019il fut mobilis\u00e9 d\u00e8s septembre 1914, combattit \u00e0 quelques encablures de Verdun avant d\u2019y laisser un oeil. Une gueule cass\u00e9e qui plus tard n\u2019h\u00e9sitera pas \u00e0 s\u2019engager dans la R\u00e9sistance&#8230;<\/p>\n<p>La crypte est d\u2019ailleurs ouverte au public gratuitement tous les jours jusqu\u2019au dimanche 16 novembre, avec une exposition, organis\u00e9e par les Amis du Vieux Saint-Marcel, le comit\u00e9 de Marseille du Souvenir fran\u00e7ais et l\u2019association r\u00e9publicaine des anciens combattants de Saint-Marcel.<\/p>\n<blockquote class=\"quote\" mlnid=\"idcon=8858739;order=30.0\"><p> De 9h \u00e0 17h, entr\u00e9e principale du cimeti\u00e8re Saint-Pierre, 380 Rue Saint-Pierre (5e) \u00e0 Marseille. <\/p><\/blockquote>\n","protected":false},"excerpt":{"rendered":"\u00ab Garantir la s\u00e9curit\u00e9, la libert\u00e9 et la dignit\u00e9 de chacun, ce projet porte un nom : la&hellip;\n","protected":false},"author":2,"featured_media":527747,"comment_status":"","ping_status":"","sticky":false,"template":"","format":"standard","meta":{"footnotes":""},"categories":[2814],"tags":[1111,11,1777,674,1011,27,884,12,55147,882,25],"class_list":{"0":"post-527746","1":"post","2":"type-post","3":"status-publish","4":"format-standard","5":"has-post-thumbnail","7":"category-marseille","8":"tag-actu","9":"tag-actualites","10":"tag-eu","11":"tag-europe","12":"tag-fr","13":"tag-france","14":"tag-marseille","15":"tag-news","16":"tag-prefete","17":"tag-provence-alpes-cote-dazur","18":"tag-republique-francaise"},"share_on_mastodon":{"url":"https:\/\/pubeurope.com\/@fr\/115532649230290679","error":""},"_links":{"self":[{"href":"https:\/\/www.europesays.com\/fr\/wp-json\/wp\/v2\/posts\/527746","targetHints":{"allow":["GET"]}}],"collection":[{"href":"https:\/\/www.europesays.com\/fr\/wp-json\/wp\/v2\/posts"}],"about":[{"href":"https:\/\/www.europesays.com\/fr\/wp-json\/wp\/v2\/types\/post"}],"author":[{"embeddable":true,"href":"https:\/\/www.europesays.com\/fr\/wp-json\/wp\/v2\/users\/2"}],"replies":[{"embeddable":true,"href":"https:\/\/www.europesays.com\/fr\/wp-json\/wp\/v2\/comments?post=527746"}],"version-history":[{"count":0,"href":"https:\/\/www.europesays.com\/fr\/wp-json\/wp\/v2\/posts\/527746\/revisions"}],"wp:featuredmedia":[{"embeddable":true,"href":"https:\/\/www.europesays.com\/fr\/wp-json\/wp\/v2\/media\/527747"}],"wp:attachment":[{"href":"https:\/\/www.europesays.com\/fr\/wp-json\/wp\/v2\/media?parent=527746"}],"wp:term":[{"taxonomy":"category","embeddable":true,"href":"https:\/\/www.europesays.com\/fr\/wp-json\/wp\/v2\/categories?post=527746"},{"taxonomy":"post_tag","embeddable":true,"href":"https:\/\/www.europesays.com\/fr\/wp-json\/wp\/v2\/tags?post=527746"}],"curies":[{"name":"wp","href":"https:\/\/api.w.org\/{rel}","templated":true}]}}