{"id":527750,"date":"2025-11-11T19:12:15","date_gmt":"2025-11-11T19:12:15","guid":{"rendered":"https:\/\/www.europesays.com\/fr\/527750\/"},"modified":"2025-11-11T19:12:15","modified_gmt":"2025-11-11T19:12:15","slug":"entraigues-sur-la-sorgue-les-boulistes-toujours-au-rendez-vous","status":"publish","type":"post","link":"https:\/\/www.europesays.com\/fr\/527750\/","title":{"rendered":"Entraigues-sur-la-Sorgue. Les boulistes toujours au rendez-vous"},"content":{"rendered":"<p>Apr\u00e8s l\u2019annulation, en raison de la violente pluie, des concours programm\u00e9s jeudi 6\u00a0novembre, 84 joueurs et joueuses \u00e9taient en piste ce samedi 8\u00a0novembre pour le concours de p\u00e9tanque. On retrouvait, dans l\u2019un des ultimes affrontements, Mireille Bacchi, Philippe Linar\u00e8s, Fran\u00e7ois Soler, oppos\u00e9s \u00e0 Jean-Pierre Mentz, G\u00e9rald Lloret, Gilbert Cibot (notre photo).<\/p>\n<p>Les rendez-vous de cette semaine\u00a0: jeudi 13\u00a0novembre pour la p\u00e9tanque et le jeu proven\u00e7al, samedi 15\u00a0novembre pour la p\u00e9tanque. Et, en point de mire, le maillot blanc \u00e0 p\u00e9tanque pour les hommes et les dames, programm\u00e9 pour le 23\u00a0novembre.<\/p>\n","protected":false},"excerpt":{"rendered":"Apr\u00e8s l\u2019annulation, en raison de la violente pluie, des concours programm\u00e9s jeudi 6\u00a0novembre, 84 joueurs et joueuses \u00e9taient&hellip;\n","protected":false},"author":2,"featured_media":527751,"comment_status":"","ping_status":"","sticky":false,"template":"","format":"standard","meta":{"footnotes":""},"categories":[1889],"tags":[1111,11,2430,46445,6621,3859,57867,1777,674,1011,27,2428,12,25],"class_list":{"0":"post-527750","1":"post","2":"type-post","3":"status-publish","4":"format-standard","5":"has-post-thumbnail","7":"category-lyon","8":"tag-actu","9":"tag-actualites","10":"tag-auvergne-rhone-alpes","11":"tag-bedarrides-et-autour","12":"tag-boules","13":"tag-edition-provencale","14":"tag-entraigues-sur-la-sorgue","15":"tag-eu","16":"tag-europe","17":"tag-fr","18":"tag-france","19":"tag-lyon","20":"tag-news","21":"tag-republique-francaise"},"share_on_mastodon":{"url":"https:\/\/pubeurope.com\/@fr\/115532657110375931","error":""},"_links":{"self":[{"href":"https:\/\/www.europesays.com\/fr\/wp-json\/wp\/v2\/posts\/527750","targetHints":{"allow":["GET"]}}],"collection":[{"href":"https:\/\/www.europesays.com\/fr\/wp-json\/wp\/v2\/posts"}],"about":[{"href":"https:\/\/www.europesays.com\/fr\/wp-json\/wp\/v2\/types\/post"}],"author":[{"embeddable":true,"href":"https:\/\/www.europesays.com\/fr\/wp-json\/wp\/v2\/users\/2"}],"replies":[{"embeddable":true,"href":"https:\/\/www.europesays.com\/fr\/wp-json\/wp\/v2\/comments?post=527750"}],"version-history":[{"count":0,"href":"https:\/\/www.europesays.com\/fr\/wp-json\/wp\/v2\/posts\/527750\/revisions"}],"wp:featuredmedia":[{"embeddable":true,"href":"https:\/\/www.europesays.com\/fr\/wp-json\/wp\/v2\/media\/527751"}],"wp:attachment":[{"href":"https:\/\/www.europesays.com\/fr\/wp-json\/wp\/v2\/media?parent=527750"}],"wp:term":[{"taxonomy":"category","embeddable":true,"href":"https:\/\/www.europesays.com\/fr\/wp-json\/wp\/v2\/categories?post=527750"},{"taxonomy":"post_tag","embeddable":true,"href":"https:\/\/www.europesays.com\/fr\/wp-json\/wp\/v2\/tags?post=527750"}],"curies":[{"name":"wp","href":"https:\/\/api.w.org\/{rel}","templated":true}]}}