{"id":527762,"date":"2025-11-11T19:20:21","date_gmt":"2025-11-11T19:20:21","guid":{"rendered":"https:\/\/www.europesays.com\/fr\/527762\/"},"modified":"2025-11-11T19:20:21","modified_gmt":"2025-11-11T19:20:21","slug":"a-paris-la-memoire-des-attentats-sinscrit-dans-des-lieux","status":"publish","type":"post","link":"https:\/\/www.europesays.com\/fr\/527762\/","title":{"rendered":"\u00e0 Paris, la m\u00e9moire des attentats s\u2019inscrit dans des lieux"},"content":{"rendered":"<p>Assis sur les marches de l\u2019\u00e9glise Saint-Gervais, \u00e0 Paris, Arthur D\u00e9nouveaux observe le jardin m\u00e9moriel du <a target=\"_self\" href=\"https:\/\/www.lanouvellerepublique.fr\/dossiers\/attentats-a-paris\" rel=\"noopener\">13\u00a0Novembre<\/a>, nich\u00e9 derri\u00e8re l\u2019h\u00f4tel de ville. Entre les bosquets arbor\u00e9s, des blocs de granit \u00e9gr\u00e8nent les noms des 130 victimes (1) en fonction des lieux o\u00f9 elles ont perdu la vie \u2013 Le Stade de France, Le Carillon, Le Petit Cambodge, La Bonne Bi\u00e8re, Le Casa Nostra, La Belle \u00c9quipe, Le Comptoir Voltaire et le Bataclan. \u00ab\u00a0C\u2019est une version magnifi\u00e9e de ce qu\u2019on a v\u00e9cu\u00a0\u00bb, l\u00e2che celui qui, il y a dix ans, \u00e9tait dans la fosse du concert des Eagles of Death Metal.<\/p>\n<p>Jeudi 13\u00a0novembre 2025, l\u2019inauguration de ce jardin sera un symbole d\u2019accomplissement pour l\u2019association de victimes qu\u2019il dirige, Life for Paris, qui sera donc dissoute.<\/p>\n<p><img alt=\"Place Saint-Gervais, \u00e0 Paris, le jardin m\u00e9moriel a \u00e9t\u00e9 investi par des techniciens et ouvriers afin de le pr\u00e9parer \u00e0 accueillir la c\u00e9r\u00e9monie officielle des comm\u00e9morations, jeudi 13\u00a0novembre 2025.\" loading=\"lazy\" width=\"980\" height=\"573\" decoding=\"async\" data-nimg=\"1\" class=\"img-responsive spinner-show\" style=\"color:transparent;background-size:cover;background-position:50% 50%;background-repeat:no-repeat;background-image:url(&quot;data:image\/svg+xml;charset=utf-8,%3Csvg xmlns=\" http:=\"\" viewbox=\"0 0 980 573\" id=\"b\" color-interpolation-filters=\"sRGB\" stddeviation=\"20\" values=\"1 0 0 0 0 0 1 0 0 0 0 0 1 0 0 0 0 0 100 -1\" result=\"s\" x=\"0\" y=\"0\" operator=\"out\" in=\"s\" in2=\"SourceGraphic\" preserveaspectratio=\"none\" href=\"https:\/\/images.lanouvellerepublique.fr\/image\/upload\/t_88w\/f_auto\/69133c1f5ae8770c168b4579.jpg\"   src=\"https:\/\/www.europesays.com\/fr\/wp-content\/uploads\/2025\/11\/69133c1f5ae8770c168b4579.jpg\"\/><\/p>\n<p style=\"background-color:#F2F2F2;padding:5px;margin-top:0px;margin-bottom:10px\">Place Saint-Gervais, \u00e0 Paris, le jardin m\u00e9moriel a \u00e9t\u00e9 investi par des techniciens et ouvriers afin de le pr\u00e9parer \u00e0 accueillir la c\u00e9r\u00e9monie officielle des comm\u00e9morations, jeudi 13\u00a0novembre 2025.<br \/> \u00a9 (Photo NR, Ambre Philouze-Rousseau)<\/p>\n<p>Les yeux riv\u00e9s sur cet espace apaisant, en forme de contrepoint \u00e0 la violence subie, Arthur D\u00e9nouveaux philosophe\u00a0: \u00ab\u00a0Pour r\u00e9pondre au terrorisme, il faut s\u2019accrocher \u00e0 la paix et \u00e0 la libert\u00e9. Ce jardin, qui rend visibles les cicatrices, est un lieu de paix tr\u00e8s libre. Il est ouvert 24\u00a0h\/24\u00a0h, chacun peut se l\u2019approprier \u00e0 sa mani\u00e8re.\u00a0\u00bb<\/p>\n<p>Quand la p\u00e9nombre s\u2019installe, une centaine de lueurs dessinent la vo\u00fbte c\u00e9leste de la nuit du drame. Arthur D\u00e9nouveaux y voit aussi le reflet des bougies d\u00e9pos\u00e9es sur les lieux de l\u2019attaque. \u00ab\u00a0Pour moi, c\u2019est la p\u00e9rennisation des m\u00e9moriaux \u00e9ph\u00e9m\u00e8res, un \u00e9cho \u00e0 la spontan\u00e9it\u00e9 de la soci\u00e9t\u00e9 civile&#8230;. <\/p>\n<p>    Cet article a \u00e9t\u00e9 tronqu\u00e9. Abonnez-vous pour lire l&rsquo;article complet sur notre site.<\/p>\n<p>\u00a0\u00bb<\/p>\n<p style=\"margin: 0 !important; padding: 0 !important; font-size: 12px !important;\">Cet article a \u00e9t\u00e9 tronqu\u00e9. Abonnez-vous pour lire l&rsquo;article complet.<\/p>\n<p>    <a href=\"https:\/\/www.lanouvellerepublique.fr\/abonnements\" style=\"display: inline-block; margin-top: 5px !important; padding: 6px 12px !important; background: #cb1c27; color: white; text-decoration: none; border-radius: 4px; font-size: 12px !important;\" target=\"_blank\" rel=\"noopener\"><br \/>\n      S&rsquo;abonner<br \/>\n    <\/a><\/p>\n","protected":false},"excerpt":{"rendered":"Assis sur les marches de l\u2019\u00e9glise Saint-Gervais, \u00e0 Paris, Arthur D\u00e9nouveaux observe le jardin m\u00e9moriel du 13\u00a0Novembre, nich\u00e9&hellip;\n","protected":false},"author":2,"featured_media":527763,"comment_status":"","ping_status":"","sticky":false,"template":"","format":"standard","meta":{"footnotes":""},"categories":[1888],"tags":[328,11,63704,17337,1777,674,1011,27,329,12,626,2551,316,25,1254],"class_list":{"0":"post-527762","1":"post","2":"type-post","3":"status-publish","4":"format-standard","5":"has-post-thumbnail","7":"category-paris","8":"tag-a-la-une","9":"tag-actualites","10":"tag-attentats-du-13-novembre-2015","11":"tag-commemoration","12":"tag-eu","13":"tag-europe","14":"tag-fr","15":"tag-france","16":"tag-france-monde","17":"tag-news","18":"tag-paris","19":"tag-patrimoine","20":"tag-politique","21":"tag-republique-francaise","22":"tag-terrorisme"},"share_on_mastodon":{"url":"https:\/\/pubeurope.com\/@fr\/115532688648935263","error":""},"_links":{"self":[{"href":"https:\/\/www.europesays.com\/fr\/wp-json\/wp\/v2\/posts\/527762","targetHints":{"allow":["GET"]}}],"collection":[{"href":"https:\/\/www.europesays.com\/fr\/wp-json\/wp\/v2\/posts"}],"about":[{"href":"https:\/\/www.europesays.com\/fr\/wp-json\/wp\/v2\/types\/post"}],"author":[{"embeddable":true,"href":"https:\/\/www.europesays.com\/fr\/wp-json\/wp\/v2\/users\/2"}],"replies":[{"embeddable":true,"href":"https:\/\/www.europesays.com\/fr\/wp-json\/wp\/v2\/comments?post=527762"}],"version-history":[{"count":0,"href":"https:\/\/www.europesays.com\/fr\/wp-json\/wp\/v2\/posts\/527762\/revisions"}],"wp:featuredmedia":[{"embeddable":true,"href":"https:\/\/www.europesays.com\/fr\/wp-json\/wp\/v2\/media\/527763"}],"wp:attachment":[{"href":"https:\/\/www.europesays.com\/fr\/wp-json\/wp\/v2\/media?parent=527762"}],"wp:term":[{"taxonomy":"category","embeddable":true,"href":"https:\/\/www.europesays.com\/fr\/wp-json\/wp\/v2\/categories?post=527762"},{"taxonomy":"post_tag","embeddable":true,"href":"https:\/\/www.europesays.com\/fr\/wp-json\/wp\/v2\/tags?post=527762"}],"curies":[{"name":"wp","href":"https:\/\/api.w.org\/{rel}","templated":true}]}}