{"id":527772,"date":"2025-11-11T19:25:24","date_gmt":"2025-11-11T19:25:24","guid":{"rendered":"https:\/\/www.europesays.com\/fr\/527772\/"},"modified":"2025-11-11T19:25:24","modified_gmt":"2025-11-11T19:25:24","slug":"video-zugspitze-la-croix-doree-retiree-du-plus-haut-sommet-dallemagne","status":"publish","type":"post","link":"https:\/\/www.europesays.com\/fr\/527772\/","title":{"rendered":"Vid\u00e9o. Zugspitze : la croix dor\u00e9e retir\u00e9e du plus haut sommet d\u2019Allemagne"},"content":{"rendered":"<p>Un h\u00e9licopt\u00e8re a retir\u00e9 du sommet de 2 962 m\u00e8tres la croix en fer de 4,88 m\u00e8tres pour des travaux de restauration, apr\u00e8s des ann\u00e9es au cours desquelles des visiteurs l\u2019avaient recouverte d\u2019autocollants.<\/p>\n<p>La croix, fabriqu\u00e9e en 1993, a \u00e9t\u00e9 achemin\u00e9e dans un atelier d\u2019Eschenlohe, o\u00f9 l\u2019artisane Andrea W\u00fcrzinger la nettoiera, poncera la surface et r\u00e9appliquera de la feuille d\u2019or l\u00e0 o\u00f9 n\u00e9cessaire.<\/p>\n<p>La Zugspitze attire environ 600 000 visiteurs chaque ann\u00e9e, dont beaucoup rejoignent les plateformes d\u2019observation en t\u00e9l\u00e9ph\u00e9rique.<\/p>\n<p>La courte ascension jusqu\u2019au sommet proprement dit est pris\u00e9e pour les photos, mais elle est souvent encombr\u00e9e et glissante, ce qui pousse certaines personnes \u00e0 prendre des risques pour laisser leur marque.<\/p>\n<p>La croix restaur\u00e9e devrait \u00eatre r\u00e9install\u00e9e \u00e0 temps pour l\u2019ouverture de la saison de ski, le 28 novembre.<\/p>\n","protected":false},"excerpt":{"rendered":"Un h\u00e9licopt\u00e8re a retir\u00e9 du sommet de 2 962 m\u00e8tres la croix en fer de 4,88 m\u00e8tres pour&hellip;\n","protected":false},"author":2,"featured_media":527773,"comment_status":"","ping_status":"","sticky":false,"template":"","format":"standard","meta":{"footnotes":""},"categories":[1587],"tags":[64701,8859,11,672,1804,1805,1803,1777,674,1801,12,1802,8860,64702,8862,64704,8861,64703],"class_list":{"0":"post-527772","1":"post","2":"type-post","3":"status-publish","4":"format-standard","5":"has-post-thumbnail","7":"category-allemagne","8":"tag-id11790","9":"tag-id125","10":"tag-actualites","11":"tag-allemagne","12":"tag-bundesrepublik-deutschland","13":"tag-de","14":"tag-deutschland","15":"tag-eu","16":"tag-europe","17":"tag-germany","18":"tag-news","19":"tag-republique-federale-dallemagne","20":"tag-sluggermany","21":"tag-slugmountaineering","22":"tag-titleallemagne","23":"tag-titlealpinisme","24":"tag-urlsafevalueallemagne","25":"tag-urlsafevaluealpinisme"},"share_on_mastodon":{"url":"https:\/\/pubeurope.com\/@fr\/115532708194451717","error":""},"_links":{"self":[{"href":"https:\/\/www.europesays.com\/fr\/wp-json\/wp\/v2\/posts\/527772","targetHints":{"allow":["GET"]}}],"collection":[{"href":"https:\/\/www.europesays.com\/fr\/wp-json\/wp\/v2\/posts"}],"about":[{"href":"https:\/\/www.europesays.com\/fr\/wp-json\/wp\/v2\/types\/post"}],"author":[{"embeddable":true,"href":"https:\/\/www.europesays.com\/fr\/wp-json\/wp\/v2\/users\/2"}],"replies":[{"embeddable":true,"href":"https:\/\/www.europesays.com\/fr\/wp-json\/wp\/v2\/comments?post=527772"}],"version-history":[{"count":0,"href":"https:\/\/www.europesays.com\/fr\/wp-json\/wp\/v2\/posts\/527772\/revisions"}],"wp:featuredmedia":[{"embeddable":true,"href":"https:\/\/www.europesays.com\/fr\/wp-json\/wp\/v2\/media\/527773"}],"wp:attachment":[{"href":"https:\/\/www.europesays.com\/fr\/wp-json\/wp\/v2\/media?parent=527772"}],"wp:term":[{"taxonomy":"category","embeddable":true,"href":"https:\/\/www.europesays.com\/fr\/wp-json\/wp\/v2\/categories?post=527772"},{"taxonomy":"post_tag","embeddable":true,"href":"https:\/\/www.europesays.com\/fr\/wp-json\/wp\/v2\/tags?post=527772"}],"curies":[{"name":"wp","href":"https:\/\/api.w.org\/{rel}","templated":true}]}}