{"id":527776,"date":"2025-11-11T19:27:12","date_gmt":"2025-11-11T19:27:12","guid":{"rendered":"https:\/\/www.europesays.com\/fr\/527776\/"},"modified":"2025-11-11T19:27:12","modified_gmt":"2025-11-11T19:27:12","slug":"quatre-pays-de-lue-beneficieront-dune-aide-a-la-repartition-des-migrants","status":"publish","type":"post","link":"https:\/\/www.europesays.com\/fr\/527776\/","title":{"rendered":"Quatre pays de l\u2019UE b\u00e9n\u00e9ficieront d\u2019une aide \u00e0 la r\u00e9partition des migrants"},"content":{"rendered":"<p data-end=\"215\" data-start=\"100\"><strong>Face \u00e0 la pression migratoire croissante sur l\u2019Italie, l\u2019Espagne, la Gr\u00e8ce et Chypre, la Commission europ\u00e9enne propose la relocalisation d\u2019au moins 30.000 demandeurs d\u2019asile vers d\u2019autres \u00c9tats membres de l\u2019Union europ\u00e9enne.<\/strong><\/p>\n<p data-end=\"1040\" data-start=\"735\">Cette mesure, qui d\u00e9coule de la r\u00e9forme du Pacte europ\u00e9en sur la migration et l\u2019asile adopt\u00e9e en 2024, repose sur un m\u00e9canisme de solidarit\u00e9. Les autres \u00c9tats membres devront soit accueillir une partie des demandeurs d\u2019asile, soit contribuer financi\u00e8rement \u00e0 hauteur de 20.000 euros par migrant<b>.\u00a0<\/b><\/p>\n<p data-end=\"1295\" data-start=\"1042\">Bruxelles souligne que la Gr\u00e8ce et Chypre ont subi un afflux \u00ab\u00a0disproportionn\u00e9\u00a0\u00bb de migrants au cours de l\u2019ann\u00e9e \u00e9coul\u00e9e, tandis que l\u2019Espagne et l\u2019Italie ont \u00e9t\u00e9 confront\u00e9es \u00e0 une hausse marqu\u00e9e des arriv\u00e9es \u00e0 la suite d\u2019op\u00e9rations de sauvetage en mer.<\/p>\n<p data-end=\"1647\" data-start=\"1297\">Cette proposition ouvre d\u00e9sormais une phase de n\u00e9gociations entre les 27 \u00c9tats membres de l&rsquo;Union europ\u00e9enne (UE), dont plusieurs pays ont d\u00e9j\u00e0 indiqu\u00e9 qu\u2019ils pr\u00e9f\u00e8reraient apporter une aide financi\u00e8re plut\u00f4t qu\u2019accueillir des migrants. Le dispositif pr\u00e9voit qu\u2019au moins 30.000 personnes soient relocalis\u00e9es chaque ann\u00e9e, avec une r\u00e9partition d\u00e9finitive attendue d\u2019ici la fin d\u00e9cembre.<\/p>\n","protected":false},"excerpt":{"rendered":"Face \u00e0 la pression migratoire croissante sur l\u2019Italie, l\u2019Espagne, la Gr\u00e8ce et Chypre, la Commission europ\u00e9enne propose la&hellip;\n","protected":false},"author":2,"featured_media":527777,"comment_status":"","ping_status":"","sticky":false,"template":"","format":"standard","meta":{"footnotes":""},"categories":[1586],"tags":[11,16996,123,1777,674,1779,1011,27,8906,452,12,64705,25,1778,364],"class_list":{"0":"post-527776","1":"post","2":"type-post","3":"status-publish","4":"format-standard","5":"has-post-thumbnail","7":"category-europe","8":"tag-actualites","9":"tag-chypre","10":"tag-espagne","11":"tag-eu","12":"tag-europe","13":"tag-european-union","14":"tag-fr","15":"tag-france","16":"tag-grece","17":"tag-italie","18":"tag-news","19":"tag-repartition-des-migrants","20":"tag-republique-francaise","21":"tag-ue","22":"tag-union-europeenne"},"share_on_mastodon":{"url":"https:\/\/pubeurope.com\/@fr\/115532716061205985","error":""},"_links":{"self":[{"href":"https:\/\/www.europesays.com\/fr\/wp-json\/wp\/v2\/posts\/527776","targetHints":{"allow":["GET"]}}],"collection":[{"href":"https:\/\/www.europesays.com\/fr\/wp-json\/wp\/v2\/posts"}],"about":[{"href":"https:\/\/www.europesays.com\/fr\/wp-json\/wp\/v2\/types\/post"}],"author":[{"embeddable":true,"href":"https:\/\/www.europesays.com\/fr\/wp-json\/wp\/v2\/users\/2"}],"replies":[{"embeddable":true,"href":"https:\/\/www.europesays.com\/fr\/wp-json\/wp\/v2\/comments?post=527776"}],"version-history":[{"count":0,"href":"https:\/\/www.europesays.com\/fr\/wp-json\/wp\/v2\/posts\/527776\/revisions"}],"wp:featuredmedia":[{"embeddable":true,"href":"https:\/\/www.europesays.com\/fr\/wp-json\/wp\/v2\/media\/527777"}],"wp:attachment":[{"href":"https:\/\/www.europesays.com\/fr\/wp-json\/wp\/v2\/media?parent=527776"}],"wp:term":[{"taxonomy":"category","embeddable":true,"href":"https:\/\/www.europesays.com\/fr\/wp-json\/wp\/v2\/categories?post=527776"},{"taxonomy":"post_tag","embeddable":true,"href":"https:\/\/www.europesays.com\/fr\/wp-json\/wp\/v2\/tags?post=527776"}],"curies":[{"name":"wp","href":"https:\/\/api.w.org\/{rel}","templated":true}]}}