{"id":527783,"date":"2025-11-11T19:31:27","date_gmt":"2025-11-11T19:31:27","guid":{"rendered":"https:\/\/www.europesays.com\/fr\/527783\/"},"modified":"2025-11-11T19:31:27","modified_gmt":"2025-11-11T19:31:27","slug":"golf-professionnel-lactu-du-10-au-16-novembre","status":"publish","type":"post","link":"https:\/\/www.europesays.com\/fr\/527783\/","title":{"rendered":"Golf professionnel : L&rsquo;actu du 10 au 16 novembre"},"content":{"rendered":"<p><a href=\"https:\/\/www.europeantour.com\/dpworld-tour\/dp-world-tour-championship-2025\/leaderboard\" title=\"Les d\u00e9parts\" class=\"cta cta--custom_tag me-lg-10 m-10\" target=\"_blank\" rel=\"nofollow noopener\"><br \/>\n    Les d\u00e9parts<br \/>\n<\/a>\n<\/p>\n<p>Terre en vue pour les joueurs du <strong>DP World Tour<\/strong> puisque c&rsquo;est l&rsquo;Earth Course du <strong>Jumeirah Golf Estate<\/strong> qui se profile \u00e0 l&rsquo;horizon pour la finale du circuit ! Terre en vue aussi pour les pionniers bien d\u00e9cid\u00e9s \u00e0 traverser l&rsquo;Atlantique pour \u00e9voluer sur le <strong>PGA Tour<\/strong> la saison prochaine : ce <strong>DP World Tour Championship<\/strong> va en effet, pour la troisi\u00e8me ann\u00e9e, distribuer officiellement des cartes du circuit am\u00e9ricain aux dix premiers joueurs de la<strong> Race to Dubai<\/strong> non exempt\u00e9s par ailleurs. <strong>Adrien Saddier<\/strong>, 6e du classement et d\u00e9tenteur provisoire du troisi\u00e8me ticket, est quasiment assur\u00e9 de faire le voyage jusqu&rsquo;aux \u00c9tats-Unis, et esp\u00e8re naviguer en compagnie de son compatriote <strong>Martin Couvra<\/strong>, actuel 16e de la Race. Pour le Varois de 22 ans, qui dispute sa premi\u00e8re finale du circuit europ\u00e9en, l&rsquo;objectif est simple : grappiller un rang \u00e0 l&rsquo;ordre du m\u00e9rite pour valider son billet !<\/p>\n","protected":false},"excerpt":{"rendered":"Les d\u00e9parts Terre en vue pour les joueurs du DP World Tour puisque c&rsquo;est l&rsquo;Earth Course du Jumeirah&hellip;\n","protected":false},"author":2,"featured_media":527784,"comment_status":"","ping_status":"","sticky":false,"template":"","format":"standard","meta":{"footnotes":""},"categories":[1418],"tags":[1011,27,1472,60],"class_list":{"0":"post-527783","1":"post","2":"type-post","3":"status-publish","4":"format-standard","5":"has-post-thumbnail","7":"category-golf","8":"tag-fr","9":"tag-france","10":"tag-golf","11":"tag-sports"},"share_on_mastodon":{"url":"https:\/\/pubeurope.com\/@fr\/115532731682614972","error":""},"_links":{"self":[{"href":"https:\/\/www.europesays.com\/fr\/wp-json\/wp\/v2\/posts\/527783","targetHints":{"allow":["GET"]}}],"collection":[{"href":"https:\/\/www.europesays.com\/fr\/wp-json\/wp\/v2\/posts"}],"about":[{"href":"https:\/\/www.europesays.com\/fr\/wp-json\/wp\/v2\/types\/post"}],"author":[{"embeddable":true,"href":"https:\/\/www.europesays.com\/fr\/wp-json\/wp\/v2\/users\/2"}],"replies":[{"embeddable":true,"href":"https:\/\/www.europesays.com\/fr\/wp-json\/wp\/v2\/comments?post=527783"}],"version-history":[{"count":0,"href":"https:\/\/www.europesays.com\/fr\/wp-json\/wp\/v2\/posts\/527783\/revisions"}],"wp:featuredmedia":[{"embeddable":true,"href":"https:\/\/www.europesays.com\/fr\/wp-json\/wp\/v2\/media\/527784"}],"wp:attachment":[{"href":"https:\/\/www.europesays.com\/fr\/wp-json\/wp\/v2\/media?parent=527783"}],"wp:term":[{"taxonomy":"category","embeddable":true,"href":"https:\/\/www.europesays.com\/fr\/wp-json\/wp\/v2\/categories?post=527783"},{"taxonomy":"post_tag","embeddable":true,"href":"https:\/\/www.europesays.com\/fr\/wp-json\/wp\/v2\/tags?post=527783"}],"curies":[{"name":"wp","href":"https:\/\/api.w.org\/{rel}","templated":true}]}}