{"id":527785,"date":"2025-11-11T19:33:14","date_gmt":"2025-11-11T19:33:14","guid":{"rendered":"https:\/\/www.europesays.com\/fr\/527785\/"},"modified":"2025-11-11T19:33:14","modified_gmt":"2025-11-11T19:33:14","slug":"il-etait-en-forme-mais-il-a-ete-puni-ecarte-par-fabien-galthie-pourquoi-gregory-alldritt-ressort-du-placard","status":"publish","type":"post","link":"https:\/\/www.europesays.com\/fr\/527785\/","title":{"rendered":"\u00ab\u00a0Il \u00e9tait en forme mais il a \u00e9t\u00e9 puni\u00a0\u00bb\u00a0: \u00e9cart\u00e9 par Fabien Galthi\u00e9, pourquoi Gr\u00e9gory Alldritt ressort du placard"},"content":{"rendered":"<p class=\"paragraph text_align_left lp-f-body-02\">Un petit passage au frigo et tout est effac\u00e9 ? Le soldat a fait profil bas. Son g\u00e9n\u00e9ral a lev\u00e9 la punition. Apr\u00e8s avoir assist\u00e9 depuis les tribunes, impuissant, \u00e0 <a href=\"https:\/\/www.leparisien.fr\/sports\/rugby\/xv-de-france\/on-a-cede-dans-la-tete-comment-la-france-a-sombre-en-seconde-periode-contre-lafrique-du-sud-a-15-contre-14-09-11-2025-3TXHN5TY2BCHHPRMDM7ETIPQ5Q.php\" target=\"_self\" rel=\"nofollow noopener\">la cinglante d\u00e9faite du XV de France<\/a> devant l\u2019Afrique du Sud (17-32) samedi \u00e0 Saint-Denis, <a href=\"https:\/\/www.leparisien.fr\/sports\/rugby\/xv-de-france-gregory-alldritt-l-amateur-devenu-indispensable-aux-bleus-12-11-2020-8408029.php\" target=\"_self\" rel=\"nofollow noopener\">Gr\u00e9gory Alldritt<\/a> devrait selon toute vraisemblance<a href=\"https:\/\/www.leparisien.fr\/sports\/rugby\/xv-de-france\/france-fidji-la-composition-probable-des-bleus-avec-alldritt-de-retour-et-la-tentation-ollivon-en-2e-ligne-11-11-2025-44OQECCSERHJHLJDGFET6KNNUM.php\" target=\"_blank\" rel=\"noreferrer nofollow noopener\"> retrouver son maillot floqu\u00e9 du num\u00e9ro 8 <\/a>samedi soir \u00e0 Bordeaux contre les Fidji lors du deuxi\u00e8me test-match de la tourn\u00e9e d\u2019automne. La mise au placard n\u2019aura donc dur\u00e9 qu\u2019un match.<\/p>\n<p class=\"paragraph text_align_left lp-f-body-02\">Et ce retour dans la lumi\u00e8re n\u2019est pas seulement d\u00fb \u00e0 la blessure \u00e0 une \u00e9paule de <a href=\"https:\/\/www.leparisien.fr\/sports\/rugby\/xv-de-france\/on-se-disait-quil-netait-pas-habile-delancourt-au-xv-de-france-mickael-guillard-a-trace-son-destin-16-11-2024-VWB7QJK6INDH3HF3JSYJERUZME.php\" target=\"_self\" rel=\"nofollow noopener\">Micka\u00ebl Guillard<\/a>, titularis\u00e9 au centre de la troisi\u00e8me ligne contre les Springboks (le joueur lyonnais, qui souffre d\u2019une luxation acromio-claviculaire, devrait \u00eatre absent six semaines).<\/p>\n","protected":false},"excerpt":{"rendered":"Un petit passage au frigo et tout est effac\u00e9 ? Le soldat a fait profil bas. Son g\u00e9n\u00e9ral&hellip;\n","protected":false},"author":2,"featured_media":527786,"comment_status":"","ping_status":"","sticky":false,"template":"","format":"standard","meta":{"footnotes":""},"categories":[1416],"tags":[1011,27,479,1468,60,30845],"class_list":{"0":"post-527785","1":"post","2":"type-post","3":"status-publish","4":"format-standard","5":"has-post-thumbnail","7":"category-rugby","8":"tag-fr","9":"tag-france","10":"tag-rugby","11":"tag-rugby-football","12":"tag-sports","13":"tag-xv-france"},"share_on_mastodon":{"url":"https:\/\/pubeurope.com\/@fr\/115532739738322819","error":""},"_links":{"self":[{"href":"https:\/\/www.europesays.com\/fr\/wp-json\/wp\/v2\/posts\/527785","targetHints":{"allow":["GET"]}}],"collection":[{"href":"https:\/\/www.europesays.com\/fr\/wp-json\/wp\/v2\/posts"}],"about":[{"href":"https:\/\/www.europesays.com\/fr\/wp-json\/wp\/v2\/types\/post"}],"author":[{"embeddable":true,"href":"https:\/\/www.europesays.com\/fr\/wp-json\/wp\/v2\/users\/2"}],"replies":[{"embeddable":true,"href":"https:\/\/www.europesays.com\/fr\/wp-json\/wp\/v2\/comments?post=527785"}],"version-history":[{"count":0,"href":"https:\/\/www.europesays.com\/fr\/wp-json\/wp\/v2\/posts\/527785\/revisions"}],"wp:featuredmedia":[{"embeddable":true,"href":"https:\/\/www.europesays.com\/fr\/wp-json\/wp\/v2\/media\/527786"}],"wp:attachment":[{"href":"https:\/\/www.europesays.com\/fr\/wp-json\/wp\/v2\/media?parent=527785"}],"wp:term":[{"taxonomy":"category","embeddable":true,"href":"https:\/\/www.europesays.com\/fr\/wp-json\/wp\/v2\/categories?post=527785"},{"taxonomy":"post_tag","embeddable":true,"href":"https:\/\/www.europesays.com\/fr\/wp-json\/wp\/v2\/tags?post=527785"}],"curies":[{"name":"wp","href":"https:\/\/api.w.org\/{rel}","templated":true}]}}