{"id":527787,"date":"2025-11-11T19:34:14","date_gmt":"2025-11-11T19:34:14","guid":{"rendered":"https:\/\/www.europesays.com\/fr\/527787\/"},"modified":"2025-11-11T19:34:14","modified_gmt":"2025-11-11T19:34:14","slug":"le-match-dadieu-de-halep-en-2026-connait-un-grand-succes-en-roumanie","status":"publish","type":"post","link":"https:\/\/www.europesays.com\/fr\/527787\/","title":{"rendered":"le match d\u2019adieu de Halep en 2026 conna\u00eet un grand succ\u00e8s en Roumanie"},"content":{"rendered":"<p>                <img decoding=\"async\" src=\"https:\/\/www.europesays.com\/fr\/wp-content\/uploads\/2025\/11\/Sxb7.jpg\" fetchpriority=\"high\" alt=\"Des billets vendus en 8 minutes : le match d\u2019adieu de Halep en 2026 conna\u00eet un grand succ\u00e8s en Roumanie\"\/><\/p>\n<p>Apr\u00e8s avoir pris sa retraite en f\u00e9vrier dernier, Simona Halep fera son retour pour un match d\u2019adieu \u00e0 Cluj-Napoca en juin 2026. Un \u00e9v\u00e9nement qui va attirer du monde en Roumanie.<\/p>\n<p>Grand nom du tennis de ces derni\u00e8res ann\u00e9es, Halep a arr\u00eat\u00e9 sa carri\u00e8re en d\u00e9but de saison. L\u2019ancienne num\u00e9ro 1 mondiale, gagnante de deux titres en Grand Chelem (Roland-Garros 2018 et Wimbledon 2019), a disput\u00e9 le dernier match de sa tr\u00e8s belle carri\u00e8re au premier tour du WTA 250 de Cluj-Napoca contre Lucia Bronzetti (6-1, 6-1) en d\u00e9but de saison.<\/p>\n<p>Dans la foul\u00e9e de ce match, la joueuse \u00e2g\u00e9e de 34 ans a pris le micro et a annonc\u00e9 devant un public stup\u00e9fait l\u2019arr\u00eat de sa carri\u00e8re avec effet imm\u00e9diat. Mais Halep fera son retour dans la ville roumaine l\u2019ann\u00e9e prochaine pour un dernier match en guise d\u2019adieu. Celui-ci aura lieu le 13 juin 2026 \u00e0 Cluj-Napoca, et l\u2019\u00e9v\u00e9nement suscite d\u00e9j\u00e0 un grand int\u00e9r\u00eat dans le pays.<\/p>\n<p>En effet, les 1200 premiers billets vendus ont trouv\u00e9 preneur en 8 minutes, comme l\u2019a confirm\u00e9 le compte Instagram du Festival des Sports organisant le match. 300 nouvelles places seront mises en vente dans les prochaines heures.<\/p>\n","protected":false},"excerpt":{"rendered":"Apr\u00e8s avoir pris sa retraite en f\u00e9vrier dernier, Simona Halep fera son retour pour un match d\u2019adieu \u00e0&hellip;\n","protected":false},"author":2,"featured_media":527788,"comment_status":"","ping_status":"","sticky":false,"template":"","format":"standard","meta":{"footnotes":""},"categories":[1415],"tags":[1011,27,60,1467],"class_list":{"0":"post-527787","1":"post","2":"type-post","3":"status-publish","4":"format-standard","5":"has-post-thumbnail","7":"category-tennis","8":"tag-fr","9":"tag-france","10":"tag-sports","11":"tag-tennis"},"share_on_mastodon":{"url":"https:\/\/pubeurope.com\/@fr\/115532744139244504","error":""},"_links":{"self":[{"href":"https:\/\/www.europesays.com\/fr\/wp-json\/wp\/v2\/posts\/527787","targetHints":{"allow":["GET"]}}],"collection":[{"href":"https:\/\/www.europesays.com\/fr\/wp-json\/wp\/v2\/posts"}],"about":[{"href":"https:\/\/www.europesays.com\/fr\/wp-json\/wp\/v2\/types\/post"}],"author":[{"embeddable":true,"href":"https:\/\/www.europesays.com\/fr\/wp-json\/wp\/v2\/users\/2"}],"replies":[{"embeddable":true,"href":"https:\/\/www.europesays.com\/fr\/wp-json\/wp\/v2\/comments?post=527787"}],"version-history":[{"count":0,"href":"https:\/\/www.europesays.com\/fr\/wp-json\/wp\/v2\/posts\/527787\/revisions"}],"wp:featuredmedia":[{"embeddable":true,"href":"https:\/\/www.europesays.com\/fr\/wp-json\/wp\/v2\/media\/527788"}],"wp:attachment":[{"href":"https:\/\/www.europesays.com\/fr\/wp-json\/wp\/v2\/media?parent=527787"}],"wp:term":[{"taxonomy":"category","embeddable":true,"href":"https:\/\/www.europesays.com\/fr\/wp-json\/wp\/v2\/categories?post=527787"},{"taxonomy":"post_tag","embeddable":true,"href":"https:\/\/www.europesays.com\/fr\/wp-json\/wp\/v2\/tags?post=527787"}],"curies":[{"name":"wp","href":"https:\/\/api.w.org\/{rel}","templated":true}]}}