{"id":527789,"date":"2025-11-11T19:38:10","date_gmt":"2025-11-11T19:38:10","guid":{"rendered":"https:\/\/www.europesays.com\/fr\/527789\/"},"modified":"2025-11-11T19:38:10","modified_gmt":"2025-11-11T19:38:10","slug":"cyclo-cross-dauxerre-classements-actualite","status":"publish","type":"post","link":"https:\/\/www.europesays.com\/fr\/527789\/","title":{"rendered":"Cyclo-cross d&rsquo;Auxerre : Classements &#8211; Actualit\u00e9"},"content":{"rendered":"<p class=\"pf0\">Damien Gazut (Montlu\u00e7on Cyclisme) a remport\u00e9, ce mardi, le cyclo-cross d&rsquo;Auxerre (Yonne), organis\u00e9 par le VC Auxerre. Il a devanc\u00e9 Victor Papon (Wagner Bazin WB) et Simon Nicaise (VC Auxerre).<br \/>Damien Gazut se succ\u00e8de \u00e0 lui-m\u00eame au palmar\u00e8s.<br \/><strong>Classements :<\/strong><br \/><strong>S\u00e9niors et U23<\/strong><br \/>1. GAZUT Damien HORIZON MONTLUCON OPEN 1 <br \/>2. PAPON Victor WAGNER BAZIN WB ELITE <br \/>3. NICAISE Simon VC AUXERRE OPEN 3<br \/>4. DRUJON Mathieu UVCA TROYES ACCESS 1<br \/>5. BONA Romain UVCA TROYES MASTER <br \/>6. RENAULT Tinui SUD OISE CYCLISME OPEN 3 <br \/>7. CORDIN Simon VTT CYCLO DIGES P. ACCES 2<br \/>8. PELLETIER Angelino VC SENONAIS ACCES 1 \u00e0 1 tour <br \/>9. BOURGOIN Max VC AUXERRE ACCES 1<\/p>\n<p><strong>U19<\/strong> <br \/>1. THEVENIN Noah CYCLE GOLBEEN U19 en 40&rsquo;34\u00a0\u00bb<br \/>2. HENRION Tom VC AUXERRE U19 <br \/>3. TRUCHOT Lancelot TEAM CYCLING ROSE BON U19 <br \/>4. RIQUEMENT Clement UVCA TROYES U19 <br \/>5. MARIE Gabriel ASPTT AUXERRE U19 <br \/>6. LAMOUREUX Nolhan RICEYS CYCLISME U19 <\/p>\n<p><strong>F\u00e9minines<\/strong> <br \/>1. GUENIN Lena VC AUXERRE ACCES 3 en 43&rsquo;00\u00a0\u00bb<br \/>2. GUIGNARD Fabienne VC AUXERRE ACCES 4<\/p>\n<p><strong>Masters<\/strong> <br \/>1. LAMOUREUX Eddy RICEYS CYCLISME MASTER en 53&rsquo;20\u00a0\u00bb<br \/>2. MARIE Emmanuel ASPTT AUXERRE MASTER <br \/>3. NICAISE J\u00e9r\u00f4me VVC AUXERRE MASTER <br \/>4. RIQUEMENT Landry UVCA TROYES MASTER <br \/>5. CALMUS Pascal VC AUXERRE MASTER <br \/>6. GUENIN Valerian VC AUXERRE MASTER <br \/>7. COLAS Fabrice VC AUXERRE MASTER <br \/>8. LE TOQUEU Pascal VC TOUCY MASTER<br \/>9. VACLIN Rapha\u00ebl VELO MORVAN NATURE MASTER<br \/>10. COMPERAT Olivier VC AUXERRE MASTER \u00e0 1 tour<br \/>11. GEMINNE Olivier VC SENONAIS MASTER <br \/>12. CINTRAT Olivier VC SENONAIS MASTER <br \/>13. MOUSSUS Pierre C. A. ST GEORGES MASTER \u00e0 2 tours <\/p>\n<p><strong>U17<\/strong> <br \/>1. DRUJON Robin UVCA TROYES U17 en 32&rsquo;00\u00a0\u00bb<br \/>2. CINTRAT MINET Benjamin VC SENONAIS U17 \u00e01&rsquo;58\u00a0\u00bb <br \/>3. CHARMOILE Nathan P.A.C. AVALLON U17 \u00e03&rsquo;02\u00a0\u00bb<br \/>4. DUMAS Mae VTT CYCLO DIGES P. U17 <br \/>5. CHATEAUROUX Jules VC SENONAIS U17 <br \/>6. PELLETIER Jimmy VC SENONAIS U17 <\/p>\n<p><strong>U15<\/strong> <br \/>1. DEFROMONT Mateo VC SENONAIS U15 en 22&rsquo;00\u00a0\u00bb<br \/>2. LAURET Lowenn VC AUXERRE U15 <br \/>3. DA FONSECA Math\u00e9o VC AUXERRE U15<br \/>4. GAUTHIER Valentin GUIDON CHALETTOIS U15 <\/p>\n<p><strong>U13<\/strong> <br \/>1. CONTANT Louis ASPTT TROYES U13 en 11&rsquo;08\u00a0\u00bb<br \/>2. LAVERDURE Jeremy ASPTT TROYES U13 <br \/>3. ONRAEDT Tim\u00e9o ASPTT TROYES U13 <br \/>4. CHAMPDAVEINE Marius VTT CYCLO DIGES P. U13 <br \/>5. LANTENOIS Florent VTT CYCLO DIGES P. U13 <\/p>\n<p><strong>U11<\/strong> <br \/>1. CHAMPDAVEINE Cl\u00e9on VTT CYCLO DIGES P. U11 en 7&rsquo;52\u00a0\u00bb<br \/>2. MILLOT Remi VC AUXERRE U11 <br \/>3. PERRETTE Noe VTT CYCLO DIGES P. U11 <br \/>4. LEMOINE Lukas US NEMOURS ST. PIERRE U11 <br \/>5. MAILLAUX Lissandre VTT CYCLO DIGES P. U11 <br \/>6. PINTO Louis VC AUXERRE U11 <br \/>7. ONRAEDT Raphael ASPTT TROYES U11 <br \/>8. ONRAEDT Sacha ASPTT TROYES U11 <br \/>9. DAGUIN Aimie VC AUXERRE U11 F.<br \/>10. GODARD Joshua ASPTT TROYES U11 <br \/>11. SALMON Noa VC AUXERRE U11 <br \/>12. PIROT SALVOCH Come VC AUXERRE U11<\/p>\n<p><strong>U9<\/strong> <br \/>1. PETIT Oscar VTT CYCLO DIGES P. U9<br \/>2. PINTO Jules VC AUXERRE U9<br \/>3. CONTANT Camille ASPTT TROYES U9 F. <br \/>4. GAUTHIER Raphael GUIDON CHALETTOIS U9 <\/p>\n<p><strong>U7<\/strong> <br \/>1. GODARD Rafael ASPTT TROYES U7<\/p>\n<p>Remerciements \u00e0 Florence Haultcoeur.<\/p>\n","protected":false},"excerpt":{"rendered":"Damien Gazut (Montlu\u00e7on Cyclisme) a remport\u00e9, ce mardi, le cyclo-cross d&rsquo;Auxerre (Yonne), organis\u00e9 par le VC Auxerre. Il&hellip;\n","protected":false},"author":2,"featured_media":527790,"comment_status":"","ping_status":"","sticky":false,"template":"","format":"standard","meta":{"footnotes":""},"categories":[1411],"tags":[834,828,836,829,837,827,83,826,824,823,1154,207,814,817,815,816,822,821,832,211,839,1011,27,820,818,819,835,831,830,833,838,60,212,208,825],"class_list":{"0":"post-527789","1":"post","2":"type-post","3":"status-publish","4":"format-standard","5":"has-post-thumbnail","7":"category-cyclisme","8":"tag-attaque","9":"tag-belgique","10":"tag-braquet","11":"tag-bretagne","12":"tag-chute","13":"tag-competition","14":"tag-coupe-de-france","15":"tag-coureur","16":"tag-course-cyclisme","17":"tag-course-cycliste","18":"tag-cycling","19":"tag-cyclisme","20":"tag-direct","21":"tag-direct-velo","22":"tag-directvelo","23":"tag-directvelo-com","24":"tag-epreuve","25":"tag-epreuve-cycliste","26":"tag-federation-francaise-de-cyclisme","27":"tag-ffc","28":"tag-flandres","29":"tag-fr","30":"tag-france","31":"tag-live","32":"tag-live-course","33":"tag-live-epreuve","34":"tag-peloton","35":"tag-radio-peloton","36":"tag-radio-tour","37":"tag-ravitaillement","38":"tag-relance","39":"tag-sports","40":"tag-uci","41":"tag-velo","42":"tag-velos"},"share_on_mastodon":{"url":"https:\/\/pubeurope.com\/@fr\/115532759310964520","error":""},"_links":{"self":[{"href":"https:\/\/www.europesays.com\/fr\/wp-json\/wp\/v2\/posts\/527789","targetHints":{"allow":["GET"]}}],"collection":[{"href":"https:\/\/www.europesays.com\/fr\/wp-json\/wp\/v2\/posts"}],"about":[{"href":"https:\/\/www.europesays.com\/fr\/wp-json\/wp\/v2\/types\/post"}],"author":[{"embeddable":true,"href":"https:\/\/www.europesays.com\/fr\/wp-json\/wp\/v2\/users\/2"}],"replies":[{"embeddable":true,"href":"https:\/\/www.europesays.com\/fr\/wp-json\/wp\/v2\/comments?post=527789"}],"version-history":[{"count":0,"href":"https:\/\/www.europesays.com\/fr\/wp-json\/wp\/v2\/posts\/527789\/revisions"}],"wp:featuredmedia":[{"embeddable":true,"href":"https:\/\/www.europesays.com\/fr\/wp-json\/wp\/v2\/media\/527790"}],"wp:attachment":[{"href":"https:\/\/www.europesays.com\/fr\/wp-json\/wp\/v2\/media?parent=527789"}],"wp:term":[{"taxonomy":"category","embeddable":true,"href":"https:\/\/www.europesays.com\/fr\/wp-json\/wp\/v2\/categories?post=527789"},{"taxonomy":"post_tag","embeddable":true,"href":"https:\/\/www.europesays.com\/fr\/wp-json\/wp\/v2\/tags?post=527789"}],"curies":[{"name":"wp","href":"https:\/\/api.w.org\/{rel}","templated":true}]}}