{"id":52779,"date":"2025-04-25T21:58:10","date_gmt":"2025-04-25T21:58:10","guid":{"rendered":"https:\/\/www.europesays.com\/fr\/52779\/"},"modified":"2025-04-25T21:58:10","modified_gmt":"2025-04-25T21:58:10","slug":"basket-pro-b-le-pb86-domine-hyeres-toulon-83-76","status":"publish","type":"post","link":"https:\/\/www.europesays.com\/fr\/52779\/","title":{"rendered":"Basket\/Pro B &#8211; Le PB86 domine Hy\u00e8res-Toulon (83-76)"},"content":{"rendered":"<p>                                                                                                    <img decoding=\"async\" src=\"https:\/\/www.europesays.com\/fr\/wp-content\/uploads\/2025\/04\/5ea1dbf7dce48.jpeg\" alt=\"Arnault Varanne\"\/><\/p>\n<p class=\"author__social\">Partager sur :<br \/>\n                                            <a href=\"https:\/\/twitter.com\/share?url=https:\/\/www.le7.info\/article\/25393-basket-pro-b-le-pb86-domine-hyeres-toulon-83-76\" title=\"Partager sur twitter\" target=\"_blank\" rel=\"noopener\"><\/a><br \/>\n                                            <a href=\"https:\/\/www.facebook.com\/sharer\/sharer.php?u=https:\/\/www.le7.info\/article\/25393-basket-pro-b-le-pb86-domine-hyeres-toulon-83-76\" title=\"Partager sur facebook\" target=\"_blank\" rel=\"noopener\"><\/a>\n                                        <\/p>\n<p>Apr\u00e8s deux revers \u00e0 Pau et face \u00e0 Blois, le Poitiers Basket 86 -priv\u00e9 de Blair et Ojiako- a rego\u00fbt\u00e9 au succ\u00e8s en dominant ce soir Hy\u00e8res-Toulon Var Basket \u00e0 Saint-Eloi, pour le compte de la 35e journ\u00e9e de Pro B (83-76). Face \u00e0 une faible opposition, Jonathan Jeanne (19pts, 11rbds) et ses co\u00e9quipiers ont d\u00e9but\u00e9 pied au plancher pour compter jusqu&rsquo;\u00e0 seize unit\u00e9s d&rsquo;avance en premi\u00e8re p\u00e9riode. Les Varois sont revenus \u00e0 dix points, et m\u00eame \u00e0 sept dans le money-time, mais sans pouvoir renverser le match malgr\u00e9 le rel\u00e2chement poitevin. Prochain match samedi 3 mai \u00e0 Fos, un autre mal class\u00e9. Avec un nouvel int\u00e9rieur au relais de Jeanne ? Le club cherche un pigiste m\u00e9dical pour renforcer son secteur int\u00e9rieur dans l&rsquo;optique du play-in, que Poitiers devrait disputer s&rsquo;il termine entre les 7e et 10e places.<\/p>\n<p>                                <script async src=\"https:\/\/platform.twitter.com\/widgets.js\" charset=\"utf-8\"><\/script><\/p>\n","protected":false},"excerpt":{"rendered":"Partager sur : Apr\u00e8s deux revers \u00e0 Pau et face \u00e0 Blois, le Poitiers Basket 86 -priv\u00e9 de&hellip;\n","protected":false},"author":2,"featured_media":52780,"comment_status":"","ping_status":"","sticky":false,"template":"","format":"standard","meta":{"footnotes":""},"categories":[9619],"tags":[1111,11,1777,674,1011,27,13267,12,882,25,2310],"class_list":{"0":"post-52779","1":"post","2":"type-post","3":"status-publish","4":"format-standard","5":"has-post-thumbnail","7":"category-toulon","8":"tag-actu","9":"tag-actualites","10":"tag-eu","11":"tag-europe","12":"tag-fr","13":"tag-france","14":"tag-le-7-actualite-vienne-poitiers-chatellerault","15":"tag-news","16":"tag-provence-alpes-cote-dazur","17":"tag-republique-francaise","18":"tag-toulon"},"share_on_mastodon":{"url":"https:\/\/pubeurope.com\/@fr\/114400847742411451","error":""},"_links":{"self":[{"href":"https:\/\/www.europesays.com\/fr\/wp-json\/wp\/v2\/posts\/52779","targetHints":{"allow":["GET"]}}],"collection":[{"href":"https:\/\/www.europesays.com\/fr\/wp-json\/wp\/v2\/posts"}],"about":[{"href":"https:\/\/www.europesays.com\/fr\/wp-json\/wp\/v2\/types\/post"}],"author":[{"embeddable":true,"href":"https:\/\/www.europesays.com\/fr\/wp-json\/wp\/v2\/users\/2"}],"replies":[{"embeddable":true,"href":"https:\/\/www.europesays.com\/fr\/wp-json\/wp\/v2\/comments?post=52779"}],"version-history":[{"count":0,"href":"https:\/\/www.europesays.com\/fr\/wp-json\/wp\/v2\/posts\/52779\/revisions"}],"wp:featuredmedia":[{"embeddable":true,"href":"https:\/\/www.europesays.com\/fr\/wp-json\/wp\/v2\/media\/52780"}],"wp:attachment":[{"href":"https:\/\/www.europesays.com\/fr\/wp-json\/wp\/v2\/media?parent=52779"}],"wp:term":[{"taxonomy":"category","embeddable":true,"href":"https:\/\/www.europesays.com\/fr\/wp-json\/wp\/v2\/categories?post=52779"},{"taxonomy":"post_tag","embeddable":true,"href":"https:\/\/www.europesays.com\/fr\/wp-json\/wp\/v2\/tags?post=52779"}],"curies":[{"name":"wp","href":"https:\/\/api.w.org\/{rel}","templated":true}]}}