{"id":527795,"date":"2025-11-11T19:41:18","date_gmt":"2025-11-11T19:41:18","guid":{"rendered":"https:\/\/www.europesays.com\/fr\/527795\/"},"modified":"2025-11-11T19:41:18","modified_gmt":"2025-11-11T19:41:18","slug":"val-doust-serendip-loeuvre-qui-fera-souffler-la-poesie-au-coeur-du-patio","status":"publish","type":"post","link":"https:\/\/www.europesays.com\/fr\/527795\/","title":{"rendered":"Val d&rsquo;Oust. S\u00e9rendip : l\u2019\u0153uvre qui fera souffler la po\u00e9sie au c\u0153ur du Patio"},"content":{"rendered":"<p class=\"main-default-container__main-cat\"><a href=\"https:\/\/www.lesinfosdupaysgallo.com\/category\/ploermel-communaute\/\" target=\"_blank\" rel=\"noopener\">Plo\u00ebrmel Communaut\u00e9<\/a><\/p>\n<p class=\"main-default-container__date\">Publi\u00e9 le 10 novembre 2025<\/p>\n<p>\u2b50<\/p>\n<p>                Version sans publicit\u00e9<\/p>\n<p>Soutenez notre m\u00e9dia local et profitez d\u2019une lecture sans interruption<\/p>\n<p>\u00d7<\/p>\n<p><img loading=\"lazy\" decoding=\"async\" width=\"820\" height=\"428\" src=\"https:\/\/www.europesays.com\/fr\/wp-content\/uploads\/2025\/11\/Capture-decran-2025-11-06-a-22.15.45-820x428.png\" alt=\"\" class=\"wp-image-244546\"  \/>Capture d\u2019\u00e9cran du dossier de l\u2019architecte pr\u00e9sent\u00e9 au conseil municipal du Val d\u2019Oust<\/p>\n<p class=\"has-luminous-vivid-amber-background-color has-background\"><strong>VITE LU. L\u2019artiste Julia Cottin signera l\u2019\u0153uvre S\u00e9rendip, une sculpture monumentale qui prendra place dans la cour int\u00e9rieure du nouveau p\u00f4le culturel du Val d\u2019Oust, Le Patio.<br \/>R\u00e9alis\u00e9e dans le cadre du 1 % artistique, elle associe ch\u00eane, laiton et verre souffl\u00e9 pour symboliser le mouvement, la d\u00e9couverte et le lien entre habitants.<br \/>Inspir\u00e9e de la notion de s\u00e9rendipit\u00e9 \u2014 l\u2019art de trouver par hasard ce qu\u2019on ne cherchait pas \u2014, cette girouette contemporaine incarnera le souffle po\u00e9tique et curieux du lieu.<br \/>Installation pr\u00e9vue : d\u00e9but 2026.<\/strong><\/p>\n<\/p>\n<p>\u00c0 l\u2019occasion de l\u2019ouverture prochaine du p\u00f4le culturel Le Patio, la commune de Val d\u2019Oust accueillera une \u0153uvre singuli\u00e8re : S\u00e9rendip, cr\u00e9ation de l\u2019artiste Julia Cottin qui a \u00e9t\u00e9 retenue apr\u00e8s une difficile s\u00e9lection finale qui a oppos\u00e9 trois projets.<br \/>M\u00ealant bois, laiton et verre souffl\u00e9, cette sculpture po\u00e9tique install\u00e9e dans la cour int\u00e9rieure du b\u00e2timent incarne la philosophie du lieu : un espace de circulation, de d\u00e9couverte et de curiosit\u00e9 partag\u00e9e. L\u2019artiste s\u2019est vue d\u00e9cerner le prix de 21 000 euros et ses deux autres challengers 5000 euros (voir notre vid\u00e9o).<\/p>\n<p><strong>Un dialogue entre architecture, nature et humanit\u00e9<\/strong><\/p>\n<p>Con\u00e7ue dans le cadre du programme du <strong>1 % artistique<\/strong>, S\u00e9rendip a \u00e9t\u00e9 pens\u00e9e comme un \u00e9cho aux lignes sobres et lumineuses du nouveau Patio.<br \/>Julia Cottin a souhait\u00e9 cr\u00e9er une \u0153uvre \u00ab en osmose avec ce que repr\u00e9sente cette m\u00e9diath\u00e8que pour les habitants : le bien commun, la circulation des savoirs et des \u00e9nergies \u00bb.<\/p>\n<p>Son travail associe <strong>trois mat\u00e9riaux embl\u00e9matiques<\/strong> :<\/p>\n<ul class=\"wp-block-list\">\n<li>le <strong>ch\u00eane massif<\/strong>, symbole d\u2019ancrage et de durabilit\u00e9,<\/li>\n<li>le <strong>laiton<\/strong>, m\u00e9tal noble et intemporel,<\/li>\n<li>et le <strong>verre souffl\u00e9<\/strong>, mati\u00e8re de lumi\u00e8re et de transparence.<\/li>\n<\/ul>\n<p>Ensemble, ils forment une sculpture \u00e0 la fois solide et vibrante, point d\u2019\u00e9quilibre entre tradition et modernit\u00e9.<\/p>\n<p><strong>Une girouette qui capte le souffle du lieu<\/strong><\/p>\n<p>Haute de 3,20 m\u00e8tres, S\u00e9rendip s\u2019\u00e9l\u00e8ve sur un socle cruciforme en ch\u00eane. \u00c0 son sommet, une girouette en laiton s\u2019anime au gr\u00e9 du vent. c\u2019est l\u00e0 une des \u00e9nigmes: est-ce dans la cour int\u00e9rieur du Patio, le vent atteindra la girouette?<br \/>Ses formes simples \u2014 fl\u00e8che, cercle et banni\u00e8re \u2014 rappellent les girouettes d\u2019antan tout en leur donnant une esth\u00e9tique contemporaine.<\/p>\n<p>Cette pi\u00e8ce vivante marque le rythme du Patio et devient un rep\u00e8re visuel et po\u00e9tique. \u00ab La banni\u00e8re qui virevolte au gr\u00e9 du vent symbolise un terrain po\u00e9tique \u00e0 conqu\u00e9rir, celui de l\u2019imaginaire, sans limite \u00bb, explique l\u2019artiste.<\/p>\n<p><strong>S\u00e9rendipit\u00e9 : l\u2019art des d\u00e9couvertes inattendues<\/strong><\/p>\n<p>Le titre de l\u2019\u0153uvre vient d\u2019un conte persan du XVI\u1d49 si\u00e8cle, Les Trois Princes de Serendip, d\u2019o\u00f9 est n\u00e9 le mot \u00ab s\u00e9rendipit\u00e9 \u00bb \u2014 la capacit\u00e9 \u00e0 d\u00e9couvrir par hasard ce que l\u2019on ne cherchait pas et qui devient ensuite tr\u00e8s utile.<br \/>Une notion ch\u00e8re \u00e0 Julia Cottin, et qui r\u00e9sonne tout particuli\u00e8rement avec la vocation d\u2019un lieu culturel : \u00ab On cherche quelque chose, on navigue de livre en livre, et bient\u00f4t on trouve ce qu\u2019on ne cherchait pas, mais qui s\u2019av\u00e8re plus int\u00e9ressant. \u00bb<\/p>\n<p>Une belle m\u00e9taphore pour ce nouveau lieu de vie, de lecture et d\u2019\u00e9merveillement.<\/p>\n<p><strong>Une \u0153uvre n\u00e9e de savoir-faire artisanaux<\/strong><\/p>\n<p>Pour donner vie \u00e0 S\u00e9rendip, Julia Cottin s\u2019est entour\u00e9e d\u2019artisans d\u2019art :<\/p>\n<ul class=\"wp-block-list\">\n<li><strong>Les Ateliers Reli\u00e9s<\/strong>, \u00e0 Concoret (Morbihan), pour le socle en ch\u00eane massif,<\/li>\n<li><strong>La Fonderie d\u2019Art Bocquel<\/strong>, en Normandie, pour les \u00e9l\u00e9ments en laiton et en verre,<\/li>\n<li>et <strong>Francis Ferret<\/strong>, sculpteur, pour l\u2019installation sur site.<\/li>\n<\/ul>\n<p>Chaque \u00e9l\u00e9ment a \u00e9t\u00e9 fa\u00e7onn\u00e9 \u00e0 la main, dans le respect des mat\u00e9riaux et des traditions, inscrivant le projet dans une <strong>d\u00e9marche \u00e0 la fois locale et durable<\/strong>.<\/p>\n<p><strong>Un symbole pour la culture au Val d\u2019Oust<\/strong><\/p>\n<p>Install\u00e9e dans la cour du Patio, S\u00e9rendip deviendra un <strong>point de rencontre<\/strong> entre les habitants, les visiteurs et les artistes.<br \/>\u00c0 la fois sculpture, rep\u00e8re et signal po\u00e9tique, elle incarnera <strong>le souffle nouveau du Val d\u2019Oust<\/strong>, celui d\u2019une commune qui place la culture et la curiosit\u00e9 au c\u0153ur de son identit\u00e9.<\/p>\n<blockquote class=\"wp-block-quote is-layout-flow wp-block-quote-is-layout-flow\">\n<p>S\u00e9rendip sera inaugur\u00e9e lors de l\u2019ouverture officielle du Patio, pr\u00e9vue en 2026.<\/p>\n<\/blockquote>\n<p><strong>En pratique<\/strong><\/p>\n<p><strong>\u0152uvre :<\/strong> S\u00e9rendip, par <strong>Julia Cottin<\/strong><br \/><strong>Lieu d\u2019installation :<\/strong> Patio du p\u00f4le culturel du Val d\u2019Oust<br \/><strong>Programme :<\/strong> 1 % artistique<br \/><strong>Mat\u00e9riaux :<\/strong> ch\u00eane massif, laiton, verre souffl\u00e9<br \/><strong>Partenaires :<\/strong> Les Ateliers Reli\u00e9s (Concoret), Fonderie d\u2019Art Bocquel (Normandie), Francis Ferret (sculpteur)<br \/><strong>Hauteur :<\/strong> 3,20 m<br \/><strong>Inauguration :<\/strong> courant 2026<\/p>\n","protected":false},"excerpt":{"rendered":"Plo\u00ebrmel Communaut\u00e9 Publi\u00e9 le 10 novembre 2025 \u2b50 Version sans publicit\u00e9 Soutenez notre m\u00e9dia local et profitez d\u2019une&hellip;\n","protected":false},"author":2,"featured_media":527796,"comment_status":"","ping_status":"","sticky":false,"template":"","format":"standard","meta":{"footnotes":""},"categories":[1358],"tags":[1348,1384,1385,1386,58,59,1011,27],"class_list":{"0":"post-527795","1":"post","2":"type-post","3":"status-publish","4":"format-standard","5":"has-post-thumbnail","7":"category-arts-et-design","8":"tag-arts","9":"tag-arts-and-design","10":"tag-arts-et-design","11":"tag-design","12":"tag-divertissement","13":"tag-entertainment","14":"tag-fr","15":"tag-france"},"share_on_mastodon":{"url":"https:\/\/pubeurope.com\/@fr\/115532771558327433","error":""},"_links":{"self":[{"href":"https:\/\/www.europesays.com\/fr\/wp-json\/wp\/v2\/posts\/527795","targetHints":{"allow":["GET"]}}],"collection":[{"href":"https:\/\/www.europesays.com\/fr\/wp-json\/wp\/v2\/posts"}],"about":[{"href":"https:\/\/www.europesays.com\/fr\/wp-json\/wp\/v2\/types\/post"}],"author":[{"embeddable":true,"href":"https:\/\/www.europesays.com\/fr\/wp-json\/wp\/v2\/users\/2"}],"replies":[{"embeddable":true,"href":"https:\/\/www.europesays.com\/fr\/wp-json\/wp\/v2\/comments?post=527795"}],"version-history":[{"count":0,"href":"https:\/\/www.europesays.com\/fr\/wp-json\/wp\/v2\/posts\/527795\/revisions"}],"wp:featuredmedia":[{"embeddable":true,"href":"https:\/\/www.europesays.com\/fr\/wp-json\/wp\/v2\/media\/527796"}],"wp:attachment":[{"href":"https:\/\/www.europesays.com\/fr\/wp-json\/wp\/v2\/media?parent=527795"}],"wp:term":[{"taxonomy":"category","embeddable":true,"href":"https:\/\/www.europesays.com\/fr\/wp-json\/wp\/v2\/categories?post=527795"},{"taxonomy":"post_tag","embeddable":true,"href":"https:\/\/www.europesays.com\/fr\/wp-json\/wp\/v2\/tags?post=527795"}],"curies":[{"name":"wp","href":"https:\/\/api.w.org\/{rel}","templated":true}]}}