{"id":527797,"date":"2025-11-11T19:43:19","date_gmt":"2025-11-11T19:43:19","guid":{"rendered":"https:\/\/www.europesays.com\/fr\/527797\/"},"modified":"2025-11-11T19:43:19","modified_gmt":"2025-11-11T19:43:19","slug":"clotilde-avoue-etre-responsable-de-laccident-dhector-le-resume-de-lepisode-1305-du-mercredi-12-novembre-2025","status":"publish","type":"post","link":"https:\/\/www.europesays.com\/fr\/527797\/","title":{"rendered":"Clotilde avoue \u00eatre responsable de l\u2019accident d\u2019Hector&#8230; Le r\u00e9sum\u00e9 de l\u2019\u00e9pisode 1305 du mercredi 12 novembre 2025"},"content":{"rendered":"<p>Dans l\u2019\u00e9pisode 1305 d\u2019Ici tout commence, diffus\u00e9 le mercredi 12\u00a0novembre 2025 disponible sur TF1+, \u00c0 l\u2019h\u00f4tel Jourdain, Rose confie \u00e0 Clotilde qu\u2019<a href=\"https:\/\/www.programme-tv.net\/news\/series-tv\/391646-ici-tout-commence-en-avance-hector-jourdain-serait-le-frere-de-clotilde-et-rose-ninon-amoureuse-de-gary-le-resume-de-lepisode-1303-du-lundi-10-novembre-2025\/\" data-api-deeplink=\"teleloisirs:\/\/news\/391646\" target=\"_blank\" rel=\"noopener\">Hector n\u2019est finalement pas leur demi-fr\u00e8re<\/a>. Elle ne comprend pas pourquoi sa s\u0153ur a r\u00e9v\u00e9l\u00e9 cette information sans raison apparente. Soup\u00e7onneuse, Rose sent bien que Clotilde lui cache encore quelque chose. L\u00e9o, rest\u00e9 discret, surprend une conversation entre Andr\u00e9a et Clotilde, qui laisse entendre que le pass\u00e9 des deux femmes avec Hector est plus complexe qu\u2019il n\u2019y para\u00eet. En cuisine, Isma\u00ebl peine \u00e0 se concentrer, perturb\u00e9 par ses pens\u00e9es, ce qu\u2019Hector remarque aussit\u00f4t. Alors que L\u00e9o fait son entr\u00e9e dans les lieux, Hector est soudain victime d\u2019un malaise, plongeant l\u2019\u00e9quipe dans la confusion.<\/p>\n<p><b>Ici tout commence<\/b><b> en avance : Clotilde avoue \u00eatre responsable de l&rsquo;accident d&rsquo;Hector<\/b><\/p>\n<p>Peu apr\u00e8s l\u2019incident, L\u00e9onard apprend par Isma\u00ebl qu\u2019Hector porte une proth\u00e8se \u00e0 la suite<a href=\"https:\/\/www.programme-tv.net\/news\/series-tv\/391457-ici-tout-commence-cest-un-type-qui-a-ete-un-peu-abime-par-la-vie-guillaume-cramoisan-presente-hector-jourdain-son-personnage\/\" data-api-deeplink=\"teleloisirs:\/\/news\/391457\" target=\"_blank\" rel=\"noopener\"> d\u2019un accident<\/a>. Selon Isma\u00ebl, l\u2019accident aurait \u00e9t\u00e9 provoqu\u00e9 par Auguste Armand. En apprenant cela, L\u00e9onard en parle \u00e0 Bianca, qui lui d\u00e9conseille d\u2019\u00e9voquer le sujet avec Hector, pour \u00e9viter de rouvrir de vieilles blessures.<\/p>\n<p>\u00c0 l\u2019Institut, Andr\u00e9a, Jeanne, Rose et Teyssier annoncent un nouveau partenariat entre l\u2019\u00e9cole et l\u2019h\u00f4tel Jourdain, une formation qui sera dirig\u00e9e par <a href=\"https:\/\/www.programme-tv.net\/news\/series-tv\/391187-ici-tout-commence-ce-personnage-est-un-cadeau-aurelie-vaneck-et-marie-christine-adam-presentent-la-famille-jourdain-arrivee-dans-l-episode-diffuse-ce-lundi-3-novembre-2025\/\" data-api-deeplink=\"teleloisirs:\/\/news\/391187\" target=\"_blank\" rel=\"noopener\">Andr\u00e9a jou\u00e9e par Marie-Christine Adam<\/a> elle-m\u00eame. L\u2019inauguration officielle est pr\u00e9vue pour le jeudi suivant.<\/p>\n<p>Plus tard, Hector rend visite \u00e0 Clotilde. Il s\u2019interroge : pourquoi n\u2019a-t-elle pas pris part \u00e0 ce partenariat ? Pourquoi l\u2019\u00e9vite-t-elle depuis trente ans alors qu\u2019ils \u00e9taient si proches ? Clotilde finit par avouer qu\u2019elle a disparu apr\u00e8s un drame. Lorsque Hector \u00e9voque l\u2019accident dont il a \u00e9t\u00e9 victime, il pense qu\u2019Auguste en est responsable. Clotilde d\u00e9ment : c\u2019est elle qui a caus\u00e9 l\u2019accident.<\/p>\n<p><b>Ici tout commence<\/b><b> en avance : Tensions sous le m\u00eame toit pour Solal, Zo\u00e9, Fleur et Lionel<\/b><\/p>\n<p>Pendant ce temps, la cohabitation tourne \u00e0 la guerre ouverte. Fleur et Lionel, au petit d\u00e9jeuner, d\u00e9couvrent que Zo\u00e9 et Solal ont vid\u00e9 le ballon d\u2019eau chaude apr\u00e8s leur douche. Le couple annonce qu\u2019il a pr\u00e9vu une nuit romantique, ce qui agace profond\u00e9ment Lionel.<\/p>\n<p>D\u00e9termin\u00e9 \u00e0 se venger, Lionel multiplie les provocations : il s\u2019installe avec Fleur dans le salon, joue bruyamment et va jusqu\u2019\u00e0 utiliser l\u2019huile d\u2019argan de Solal. Comprenant la man\u0153uvre, Solal demande \u00e0 Fleur de retourner \u00e0 l\u2019internat, tandis que Lionel admet qu\u2019il peine \u00e0 se remettre de sa rupture. Plus tard, Solal lui pr\u00e9sente ses excuses et promet de ne plus \u00e9voquer sa vie amoureuse devant lui.<\/p>\n<p><b>Ici tout commence<\/b><b> en avance : Gaetan s\u2019interroge sur son avenir avec Alice<\/b><\/p>\n<p>\u00c0 la ferme, Gaetan recueille un petit poussin qu\u2019il refuse d\u2019abandonner. Coline et sa m\u00e8re assistent amus\u00e9es \u00e0 sa d\u00e9termination. Plus tard, il emprunte une bouillotte \u00e0 P\u00e9n\u00e9lope pour r\u00e9chauffer l\u2019animal, au grand effroi de Stanislas, peu \u00e0 l\u2019aise avec les oiseaux.<\/p>\n<p>Lorsque Alice d\u00e9couvre le poussin, elle informe Gaetan que Teyssier souhaite lui confier la supervision des examens, une nouvelle qui la stresse. \u00c0 la paillote, Gaetan confie \u00e0 Stanislas et Ang\u00e8le qu\u2019Alice ne veut ni d\u2019animal ni d\u2019enfant. Ses amis l\u2019encouragent \u00e0 aborder franchement le sujet avec elle.<\/p>\n","protected":false},"excerpt":{"rendered":"Dans l\u2019\u00e9pisode 1305 d\u2019Ici tout commence, diffus\u00e9 le mercredi 12\u00a0novembre 2025 disponible sur TF1+, \u00c0 l\u2019h\u00f4tel Jourdain, Rose&hellip;\n","protected":false},"author":2,"featured_media":527798,"comment_status":"","ping_status":"","sticky":false,"template":"","format":"standard","meta":{"footnotes":""},"categories":[1356],"tags":[244,58,59,1011,27,620,16018,2173,5249,252,199,5251,1364],"class_list":{"0":"post-527797","1":"post","2":"type-post","3":"status-publish","4":"format-standard","5":"has-post-thumbnail","7":"category-television","8":"tag-commentaire","9":"tag-divertissement","10":"tag-entertainment","11":"tag-fr","12":"tag-france","13":"tag-ici-tout-commence","14":"tag-ici-tout-commence-en-avance","15":"tag-interview","16":"tag-mytf1-max","17":"tag-television","18":"tag-tf1","19":"tag-tu00e9lu00e9-loisirs","20":"tag-tv"},"share_on_mastodon":{"url":"https:\/\/pubeurope.com\/@fr\/115532779034690643","error":""},"_links":{"self":[{"href":"https:\/\/www.europesays.com\/fr\/wp-json\/wp\/v2\/posts\/527797","targetHints":{"allow":["GET"]}}],"collection":[{"href":"https:\/\/www.europesays.com\/fr\/wp-json\/wp\/v2\/posts"}],"about":[{"href":"https:\/\/www.europesays.com\/fr\/wp-json\/wp\/v2\/types\/post"}],"author":[{"embeddable":true,"href":"https:\/\/www.europesays.com\/fr\/wp-json\/wp\/v2\/users\/2"}],"replies":[{"embeddable":true,"href":"https:\/\/www.europesays.com\/fr\/wp-json\/wp\/v2\/comments?post=527797"}],"version-history":[{"count":0,"href":"https:\/\/www.europesays.com\/fr\/wp-json\/wp\/v2\/posts\/527797\/revisions"}],"wp:featuredmedia":[{"embeddable":true,"href":"https:\/\/www.europesays.com\/fr\/wp-json\/wp\/v2\/media\/527798"}],"wp:attachment":[{"href":"https:\/\/www.europesays.com\/fr\/wp-json\/wp\/v2\/media?parent=527797"}],"wp:term":[{"taxonomy":"category","embeddable":true,"href":"https:\/\/www.europesays.com\/fr\/wp-json\/wp\/v2\/categories?post=527797"},{"taxonomy":"post_tag","embeddable":true,"href":"https:\/\/www.europesays.com\/fr\/wp-json\/wp\/v2\/tags?post=527797"}],"curies":[{"name":"wp","href":"https:\/\/api.w.org\/{rel}","templated":true}]}}