{"id":527800,"date":"2025-11-11T19:45:20","date_gmt":"2025-11-11T19:45:20","guid":{"rendered":"https:\/\/www.europesays.com\/fr\/527800\/"},"modified":"2025-11-11T19:45:20","modified_gmt":"2025-11-11T19:45:20","slug":"11-novembre-notre-selection-de-films-et-serie-sur-la-premiere-guerre-mondiale","status":"publish","type":"post","link":"https:\/\/www.europesays.com\/fr\/527800\/","title":{"rendered":"11 novembre : notre s\u00e9lection de films et s\u00e9rie sur la Premi\u00e8re Guerre mondiale"},"content":{"rendered":"<p>Alors que la France rend hommage aux soldats tomb\u00e9s pour la patrie, ce 11 novembre est aussi l\u2019occasion de (re)d\u00e9couvrir \u00e0 l\u2019\u00e9cran les r\u00e9cits poignants de ceux qui ont v\u00e9cu l\u2019enfer des tranch\u00e9es. Drames, fresques historiques ou fictions revisit\u00e9es : voici cinq \u0153uvres marquantes pour mieux comprendre la Grande Guerre et ses cicatrices.<\/p>\n<p>Le 11 novembre 1918 marque la fin de quatre ann\u00e9e de conflit d\u2019une violence in\u00e9dite, qui fit plus de 18 millions de morts \u00e0 travers le monde. En France, la date de l\u2019armistice est devenue un symbole de paix et de m\u00e9moire. Plus d\u2019un si\u00e8cle plus tard, la Premi\u00e8re Guerre mondiale continue d\u2019inspirer le cin\u00e9ma et les s\u00e9ries, tant par son horreur que par l\u2019humanit\u00e9 de ceux qui l\u2019ont v\u00e9cu.<\/p>\n<p>Les Sentinelles<\/p>\n<p>Inspir\u00e9e de la bande dessin\u00e9e de Xavier Dorison et Enrique Breccia, <a href=\"https:\/\/actus.sfr.fr\/cine-series\/series\/les-sentinelles-la-serie-de-canal-aura-t-elle-droit-a-une-saison-2_AN-202511110005.html\" title=\"Les Sentinelles : la s\u00e9rie de Canal+ aura-t-elle droit \u00e0 une saison 2 ?\" class=\"internal_link\" rel=\"nofollow noopener\" target=\"_blank\">Les Sentinelles<\/a>, s\u00e9rie phare sign\u00e9e <a href=\"https:\/\/actus.sfr.fr\/cine-series\/cinema\/mickey-17-ou-re-voir-le-film-de-bong-joon-ho_AN-202507030004.html\" title=\"Mickey 17 : le film de Bong Joon-ho arrive sur Canal+\" class=\"internal_link\" rel=\"nofollow noopener\" target=\"_blank\">Canal+<\/a>, m\u00eale histoire et science-fiction. En 1914, le soldat Gabriel Ferraud, gri\u00e8vement bless\u00e9, est int\u00e9gr\u00e9 \u00e0 un programme secret visant \u00e0 cr\u00e9er des \u00ab\u00a0soldats augment\u00e9s\u00a0\u00bb. Gr\u00e2ce \u00e0 un myst\u00e9rieux s\u00e9rum, il devient plus fort, plus rapide, presque surhumain.<\/p>\n<\/p>\n<p>Mais cette force nouvelle cache un terrible secret. En revisitant la guerre sous l\u2019angle du fantastique, la s\u00e9rie questionne les d\u00e9rives scientifiques et la d\u00e9shumanisation du conflit.<\/p>\n<p><strong>Les huit \u00e9pisodes sont \u00e0 retrouver sur <a href=\"https:\/\/actus.sfr.fr\/cine-series\/canal_DN-202005140001.html\" title=\"Canal+\" class=\"internal_link\" rel=\"nofollow noopener\" target=\"_blank\">Canal+<\/a>.<\/strong><\/p>\n<p><a href=\"https:\/\/www.sfr.fr\/tv-sfr\/canalplus24-sfr#sfrintid=SFRACTUS_BS_article_premiere_guerre_mondiale\" title=\"S&#039;abonner \u00e0 Canal+\" rel=\"nofollow noopener\" target=\"_blank\"><\/p>\n<p>S&rsquo;abonner \u00e0 Canal+<\/p>\n<p><\/a>La Chambre des officiers<\/p>\n<p>Sorti en 2001, le film de Fran\u00e7ois Dupeyron met en lumi\u00e8re un aspect rarement montr\u00e9 : celui des soldats d\u00e9figur\u00e9s par la guerre, \u00ab\u00a0les gueules cass\u00e9es\u00a0\u00bb. Adrien, jeune lieutenant mutil\u00e9 par un obus, vit le conflit depuis sa chambre d\u2019h\u00f4pital, entour\u00e9 d\u2019autres officiers au visage bris\u00e9.<\/p>\n<\/p>\n<p>Adapt\u00e9 du roman de Marc Dugain, La Chambre des officiers raconte avec pudeur la reconstruction physique et morale de ces hommes, porteurs des cicatrices invisibles de 14-18.<\/p>\n<p><strong>La Chambre des officiers est disponible en <a href=\"https:\/\/actus.sfr.fr\/cine-series\/vod-chez-sfr_DN-202007060002.html\" title=\"VOD chez SFR\" class=\"internal_link\" rel=\"nofollow noopener\" target=\"_blank\">VOD chez SFR<\/a>.<\/strong><\/p>\n<p>\u00c0 l\u2019Ouest, rien de nouveau<\/p>\n<p>Laur\u00e9at de quatre Oscars en 2023, le film d\u2019<a href=\"https:\/\/actus.sfr.fr\/cine-series\/cinema\/ballad-of-a-small-player-colin-farrell-est-en-cavale-sur-netflix_AN-202510290006.html\" title=\"Ballad of a Small Player : Colin Farrell est en cavale sur Netflix\" class=\"internal_link\" rel=\"nofollow noopener\" target=\"_blank\">Edward Berger<\/a> propose un regard allemand sur la Premi\u00e8re Guerre mondiale. Il suit le jeune Paul B\u00e4umer, engag\u00e9 avec enthousiasme, qui d\u00e9couvre rapidement la r\u00e9alit\u00e9 brutale du front et sombre dans la d\u00e9sillusion et la peur.<\/p>\n<\/p>\n<p>Au fil des batailles, la guerre devient absurde, cruelle, inhumaine. Adapt\u00e9 du chef-d\u2019\u0153uvre d\u2019Erich Maria Remarque, ce long-m\u00e9trage rappelle que dans les tranch\u00e9es, la souffrance n\u2019avait pas de camp.<\/p>\n<p><strong>\u00c0 l\u2019Ouest, rien de nouveau<\/strong> <strong>\u00e0 d\u00e9couvrir sur <a href=\"https:\/\/actus.sfr.fr\/cine-series\/cinema\/films-netflix_DN-202102250008.html\" title=\"Films Netflix\" class=\"internal_link\" rel=\"nofollow noopener\" target=\"_blank\">Netflix<\/a>.<\/strong><\/p>\n<p><a href=\"https:\/\/www.sfr.fr\/tv-sfr\/netflix-bouquet-famille#sfrintid=SFRACTUS_BS_article_premiere_guerre_mondiale\" title=\"S&#039;abonner \u00e0 Netflix \" rel=\"nofollow noopener\" target=\"_blank\"><\/p>\n<p>S&rsquo;abonner \u00e0 Netflix<\/p>\n<p><\/a>Au revoir l\u00e0-haut<\/p>\n<p>Le film audacieux d\u2019Albert Dupontel adapte le roman de Pierre Lemaitre (Prix Goncourt 2013). On y suit deux rescap\u00e9s des tranch\u00e9es, l\u2019un d\u00e9figur\u00e9, l\u2019autre bris\u00e9, qui montent une escroquerie autour des monuments aux morts.<\/p>\n<\/p>\n<p>Entre drame, humour noir et satire sociale, Au revoir l\u00e0-haut d\u00e9nonce l\u2019hypocrisie d\u2019une soci\u00e9t\u00e9 qui glorifie ses h\u00e9ros tomb\u00e9s tout en oubliant les survivants. Une \u0153uvre aussi flamboyante que bouleversante.<\/p>\n<p><strong>Au revoir l\u00e0-haut est disponible en VOD chez SFR.<\/strong><\/p>\n<p><a href=\"https:\/\/tv.sfr.fr\/info-programmes\/au-revoir-la-haut\/103142596#sfrintid=SFRACTUS_BP_article_premiere_guerre_mondiale\" title=\"Voir le film\" rel=\"nofollow noopener\" target=\"_blank\"><\/p>\n<p>Voir le film<\/p>\n<p><\/a>Les Sentiers de la gloire<\/p>\n<p>Chef-d\u2019\u0153uvre intemporel sign\u00e9 Stanley Kubrick, Les Sentiers de la gloire (1957) reste l\u2019un des plus puissants plaidoyers contre la folie des chefs militaires. Dans les tranch\u00e9es fran\u00e7aises, des soldats sont condamn\u00e9s pour l\u00e2chet\u00e9 apr\u00e8s un assaut impossible. Men\u00e9s par un colonel int\u00e8gre (Kirk Douglas), ils affrontent l\u2019injustice d\u2019une hi\u00e9rarchie aveugl\u00e9e par l\u2019honneur.<\/p>\n<\/p>\n<p>Un film r\u00e9voltant et profond\u00e9ment humain, censur\u00e9 en France jusqu\u2019en 1975, qui n\u2019a rien perdu de sa force.<\/p>\n<p><strong>Le film<\/strong> <strong>Les Sentiers de la gloire<\/strong> <strong>est disponible sur <a href=\"https:\/\/actus.sfr.fr\/cine-series\/amazon-prime-video_DN-202001300003.html\" title=\"Prime Video\" class=\"internal_link\" rel=\"nofollow noopener\" target=\"_blank\">Prime Video<\/a>.<\/strong><\/p>\n<p><a href=\"https:\/\/www.sfr.fr\/tv-sfr\/amazon-prime-bouquet-famille#sfrintid=SFRACTUS_BS_article_\" title=\"S&#039;abonner \u00e0 Prime Video\" rel=\"nofollow noopener\" target=\"_blank\"><\/p>\n<p>S&rsquo;abonner \u00e0 Prime Video<\/p>\n<p><\/a><\/p>\n<p>Qu\u2019ils soient r\u00e9alistes, po\u00e9tiques ou symboliques, ces r\u00e9cits rappellent tous la m\u00eame chose : derri\u00e8re les dates et les uniformes, il y avait des hommes, leurs douleurs, leurs espoirs et leurs cicatrices. En ce 11 novembre, ces \u0153uvres offrent un hommage vibrant \u00e0 ceux qui ont v\u00e9cu la guerre pour que la paix devienne m\u00e9moire.<\/p>\n<p><strong>Source : <\/strong>Allocin\u00e9<\/p>\n","protected":false},"excerpt":{"rendered":"Alors que la France rend hommage aux soldats tomb\u00e9s pour la patrie, ce 11 novembre est aussi l\u2019occasion&hellip;\n","protected":false},"author":2,"featured_media":527801,"comment_status":"","ping_status":"","sticky":false,"template":"","format":"standard","meta":{"footnotes":""},"categories":[1354],"tags":[58,59,1346,1011,27,1360],"class_list":{"0":"post-527800","1":"post","2":"type-post","3":"status-publish","4":"format-standard","5":"has-post-thumbnail","7":"category-films","8":"tag-divertissement","9":"tag-entertainment","10":"tag-films","11":"tag-fr","12":"tag-france","13":"tag-movies"},"share_on_mastodon":{"url":"https:\/\/pubeurope.com\/@fr\/115532787116451140","error":""},"_links":{"self":[{"href":"https:\/\/www.europesays.com\/fr\/wp-json\/wp\/v2\/posts\/527800","targetHints":{"allow":["GET"]}}],"collection":[{"href":"https:\/\/www.europesays.com\/fr\/wp-json\/wp\/v2\/posts"}],"about":[{"href":"https:\/\/www.europesays.com\/fr\/wp-json\/wp\/v2\/types\/post"}],"author":[{"embeddable":true,"href":"https:\/\/www.europesays.com\/fr\/wp-json\/wp\/v2\/users\/2"}],"replies":[{"embeddable":true,"href":"https:\/\/www.europesays.com\/fr\/wp-json\/wp\/v2\/comments?post=527800"}],"version-history":[{"count":0,"href":"https:\/\/www.europesays.com\/fr\/wp-json\/wp\/v2\/posts\/527800\/revisions"}],"wp:featuredmedia":[{"embeddable":true,"href":"https:\/\/www.europesays.com\/fr\/wp-json\/wp\/v2\/media\/527801"}],"wp:attachment":[{"href":"https:\/\/www.europesays.com\/fr\/wp-json\/wp\/v2\/media?parent=527800"}],"wp:term":[{"taxonomy":"category","embeddable":true,"href":"https:\/\/www.europesays.com\/fr\/wp-json\/wp\/v2\/categories?post=527800"},{"taxonomy":"post_tag","embeddable":true,"href":"https:\/\/www.europesays.com\/fr\/wp-json\/wp\/v2\/tags?post=527800"}],"curies":[{"name":"wp","href":"https:\/\/api.w.org\/{rel}","templated":true}]}}