{"id":527811,"date":"2025-11-11T19:51:12","date_gmt":"2025-11-11T19:51:12","guid":{"rendered":"https:\/\/www.europesays.com\/fr\/527811\/"},"modified":"2025-11-11T19:51:12","modified_gmt":"2025-11-11T19:51:12","slug":"france-info-sexcuse-pour-un-graphique-qui-grossissait-les-resultats-du-ps-dans-les-sondages","status":"publish","type":"post","link":"https:\/\/www.europesays.com\/fr\/527811\/","title":{"rendered":"France Info s\u2019excuse pour un graphique qui grossissait les r\u00e9sultats du PS dans les sondages"},"content":{"rendered":"<p>\n    La cha\u00eene du service public a pr\u00e9sent\u00e9 ses excuses apr\u00e8s la publication d\u2019un histogramme qui exag\u00e9rait largement le poids de Fran\u00e7ois Hollande et de Xavier Bertrand dans les sondages, au d\u00e9triment notamment de Jean-Luc M\u00e9lenchon et \u00c9ric Zemmour.<\/p>\n<p class=\"fig-paragraph\">France Info a diffus\u00e9 ce mardi 11 novembre un message d\u2019excuses sur son compte X, apr\u00e8s la publication d\u2019un histogramme donnant une repr\u00e9sentation fauss\u00e9e du poids de certains candidats dans les sondages. Ce graphique exag\u00e9rait en particulier l\u2019importance de Fran\u00e7ois Hollande et de Xavier Bertrand, malgr\u00e9 leurs faibles scores, tout en minorant celle de Jean-Luc M\u00e9lenchon, et dans une moindre mesure aussi celle d\u2019\u00c9ric Zemmour et Marine Tondelier.<\/p>\n<p class=\"fig-paragraph\">\u00abUn graphique diffus\u00e9 hier soir sur l\u2019antenne de Franceinfo TV pr\u00e9sentait une grossi\u00e8re erreur d\u2019\u00e9chelle. Les chiffres du sondage en question sont corrects, mais l\u2019\u00e9chelle du graphique n\u2019est pas la bonne. Il s\u2019agit \u00e9videmment d\u2019une erreur humaine, sans aucune intention de manipulation \u00e9ditoriale de la part de nos \u00e9quipes. \u00c0 tous nos t\u00e9l\u00e9spectateurs, nous pr\u00e9sentons nos excuses\u00bb, a post\u00e9 France Info sur son compte X.<\/p>\n<p>                                    <a class=\"fig-a11y-skip a11y-hidden\" href=\"#fig-a11y-skip-main-inarticle\"><br \/>\n        Passer la publicit\u00e9<br \/>\n    <\/a><\/p>\n<p class=\"fig-paragraph\">Sur un histogramme, les proportions des aires de chaque rectangle doivent en principe \u00eatre proportionn\u00e9es \u00e0 la valeur de la variable repr\u00e9sent\u00e9e. Sauf que ce graphique donnait une importance disproportionn\u00e9e aux r\u00e9sultats de Fran\u00e7ois Hollande (6,5 % dans les sondages), en le pla\u00e7ant \u00e0 m\u00eame hauteur que Jean-Luc M\u00e9lenchon (12 %) ; tandis que Marine Tondelier (5,5 %) et \u00c9ric Zemmour (6 %) voyaient leurs scores tenir moiti\u00e9 moins de place sur l\u2019histogramme, alors que les sondages les placent presque \u00e0 \u00e9galit\u00e9 avec Fran\u00e7ois Hollande. Surtout, quatre personnalit\u00e9s politiques seulement sont cit\u00e9es en en-t\u00eate du graphique, avec une photographie d\u2019eux en m\u00e9daillon\u00a0: Jordan Bardella et \u00c9douard Philippe, certes tous deux favoris du sondage pr\u00e9sent\u00e9, mais \u00e9galement Fran\u00e7ois Hollande et Xavier Bertrand. Jean-Luc M\u00e9lenchon, qui arrive troisi\u00e8me, est donc \u00e9trangement exclu du podium, et Xavier Bertrand y figure alors que le score de 5,5 % dont il est cr\u00e9dit\u00e9 est inf\u00e9rieur \u00e0 celui d\u2019\u00c9ric Zemmour, exclu \u00e9galement du podium.<\/p>\n<p class=\"fig-paragraph\">Sur X, le d\u00e9put\u00e9 LFI Antoine L\u00e9aument s\u2019est emport\u00e9 contre la cha\u00eene, en commentant\u00a0: \u00ab\u00c0 ce niveau, m\u00eame la Cor\u00e9e du Nord peut prendre des le\u00e7ons de propagande\u00bb. \u00c9ric Zemmour a quant \u00e0 lui ironis\u00e9\u00a0: \u00abPlus c\u2019est gros, plus c\u2019est France info\u00a0!\u00bb.<\/p>\n","protected":false},"excerpt":{"rendered":"La cha\u00eene du service public a pr\u00e9sent\u00e9 ses excuses apr\u00e8s la publication d\u2019un histogramme qui exag\u00e9rait largement le&hellip;\n","protected":false},"author":2,"featured_media":527812,"comment_status":"","ping_status":"","sticky":false,"template":"","format":"standard","meta":{"footnotes":""},"categories":[5],"tags":[11,1011,27,10318,14,12,28],"class_list":{"0":"post-527811","1":"post","2":"type-post","3":"status-publish","4":"format-standard","5":"has-post-thumbnail","7":"category-international","8":"tag-actualites","9":"tag-fr","10":"tag-france","11":"tag-france-info","12":"tag-international","13":"tag-news","14":"tag-world"},"share_on_mastodon":{"url":"https:\/\/pubeurope.com\/@fr\/115532810430833273","error":""},"_links":{"self":[{"href":"https:\/\/www.europesays.com\/fr\/wp-json\/wp\/v2\/posts\/527811","targetHints":{"allow":["GET"]}}],"collection":[{"href":"https:\/\/www.europesays.com\/fr\/wp-json\/wp\/v2\/posts"}],"about":[{"href":"https:\/\/www.europesays.com\/fr\/wp-json\/wp\/v2\/types\/post"}],"author":[{"embeddable":true,"href":"https:\/\/www.europesays.com\/fr\/wp-json\/wp\/v2\/users\/2"}],"replies":[{"embeddable":true,"href":"https:\/\/www.europesays.com\/fr\/wp-json\/wp\/v2\/comments?post=527811"}],"version-history":[{"count":0,"href":"https:\/\/www.europesays.com\/fr\/wp-json\/wp\/v2\/posts\/527811\/revisions"}],"wp:featuredmedia":[{"embeddable":true,"href":"https:\/\/www.europesays.com\/fr\/wp-json\/wp\/v2\/media\/527812"}],"wp:attachment":[{"href":"https:\/\/www.europesays.com\/fr\/wp-json\/wp\/v2\/media?parent=527811"}],"wp:term":[{"taxonomy":"category","embeddable":true,"href":"https:\/\/www.europesays.com\/fr\/wp-json\/wp\/v2\/categories?post=527811"},{"taxonomy":"post_tag","embeddable":true,"href":"https:\/\/www.europesays.com\/fr\/wp-json\/wp\/v2\/tags?post=527811"}],"curies":[{"name":"wp","href":"https:\/\/api.w.org\/{rel}","templated":true}]}}