{"id":527816,"date":"2025-11-11T19:54:31","date_gmt":"2025-11-11T19:54:31","guid":{"rendered":"https:\/\/www.europesays.com\/fr\/527816\/"},"modified":"2025-11-11T19:54:31","modified_gmt":"2025-11-11T19:54:31","slug":"avec-firmunis-anne-sophie-putot-lance-officiellement-sa-campagne","status":"publish","type":"post","link":"https:\/\/www.europesays.com\/fr\/527816\/","title":{"rendered":"avec Firm\u2019Unis, Anne-Sophie Putot lance officiellement sa campagne"},"content":{"rendered":"<p>Il y a un an d\u00e9j\u00e0, Anne-Sophie Putot faisait part de sa volont\u00e9 de se pr\u00e9senter aux \u00e9lections municipales de 2026. \u00c0 quatre mois du scrutin, l\u2019\u00e9lue d\u2019opposition, secr\u00e9taire de section du parti communiste vient d\u2019officialiser sa candidature aux c\u00f4t\u00e9s de Laurence Juban, responsable du groupe R\u00e9ussir \u00e0 gauche, Julien Pichon, pr\u00e9sident de l\u2019Elan citoyen et Viviane Hivert, secr\u00e9taire de la section du parti socialiste de Firminy. Un lancement de campagne \u00e0 quatre voix pour mettre en avant le collectif nouvellement cr\u00e9\u00e9\u00a0: Firm\u2019Unis.<\/p>\n<p>Un regroupement des forces de gauche qui s\u2019est fait petit \u00e0 petit pour se formaliser il y a environ deux ans. \u00ab\u00a0Depuis le d\u00e9but du mandat, on a lanc\u00e9 des discussions avec R\u00e9ussir \u00e0 gauche, on a des divergences au niveau national mais au niveau municipal, elles sont minimes\u00a0\u00bb explique la candidate.<\/p>\n<p>\u00ab\u00a0Ce n\u2019est pas une union de fa\u00e7ade\u00a0\u00bb<\/p>\n<p>\u00ab\u00a0Oui, ce n\u2019est pas une union de&#8230;<\/p>\n","protected":false},"excerpt":{"rendered":"Il y a un an d\u00e9j\u00e0, Anne-Sophie Putot faisait part de sa volont\u00e9 de se pr\u00e9senter aux \u00e9lections&hellip;\n","protected":false},"author":2,"featured_media":527817,"comment_status":"","ping_status":"","sticky":false,"template":"","format":"standard","meta":{"footnotes":""},"categories":[9653],"tags":[1111,11,2430,7539,4188,1777,674,10282,10283,1011,27,12,316,25,4001],"class_list":{"0":"post-527816","1":"post","2":"type-post","3":"status-publish","4":"format-standard","5":"has-post-thumbnail","7":"category-saint-etienne","8":"tag-actu","9":"tag-actualites","10":"tag-auvergne-rhone-alpes","11":"tag-edition-loire-sud","12":"tag-elections-municipales","13":"tag-eu","14":"tag-europe","15":"tag-firminy","16":"tag-firminy-ville","17":"tag-fr","18":"tag-france","19":"tag-news","20":"tag-politique","21":"tag-republique-francaise","22":"tag-saint-etienne"},"share_on_mastodon":{"url":"https:\/\/pubeurope.com\/@fr\/115532822220600820","error":""},"_links":{"self":[{"href":"https:\/\/www.europesays.com\/fr\/wp-json\/wp\/v2\/posts\/527816","targetHints":{"allow":["GET"]}}],"collection":[{"href":"https:\/\/www.europesays.com\/fr\/wp-json\/wp\/v2\/posts"}],"about":[{"href":"https:\/\/www.europesays.com\/fr\/wp-json\/wp\/v2\/types\/post"}],"author":[{"embeddable":true,"href":"https:\/\/www.europesays.com\/fr\/wp-json\/wp\/v2\/users\/2"}],"replies":[{"embeddable":true,"href":"https:\/\/www.europesays.com\/fr\/wp-json\/wp\/v2\/comments?post=527816"}],"version-history":[{"count":0,"href":"https:\/\/www.europesays.com\/fr\/wp-json\/wp\/v2\/posts\/527816\/revisions"}],"wp:featuredmedia":[{"embeddable":true,"href":"https:\/\/www.europesays.com\/fr\/wp-json\/wp\/v2\/media\/527817"}],"wp:attachment":[{"href":"https:\/\/www.europesays.com\/fr\/wp-json\/wp\/v2\/media?parent=527816"}],"wp:term":[{"taxonomy":"category","embeddable":true,"href":"https:\/\/www.europesays.com\/fr\/wp-json\/wp\/v2\/categories?post=527816"},{"taxonomy":"post_tag","embeddable":true,"href":"https:\/\/www.europesays.com\/fr\/wp-json\/wp\/v2\/tags?post=527816"}],"curies":[{"name":"wp","href":"https:\/\/api.w.org\/{rel}","templated":true}]}}