{"id":527818,"date":"2025-11-11T19:55:17","date_gmt":"2025-11-11T19:55:17","guid":{"rendered":"https:\/\/www.europesays.com\/fr\/527818\/"},"modified":"2025-11-11T19:55:17","modified_gmt":"2025-11-11T19:55:17","slug":"saint-etienne-les-habitants-du-soleil-ont-deguste-les-marrons","status":"publish","type":"post","link":"https:\/\/www.europesays.com\/fr\/527818\/","title":{"rendered":"Saint-\u00c9tienne. Les habitants du Soleil ont d\u00e9gust\u00e9 les marrons"},"content":{"rendered":"<p>\u00c0 la suite du projet port\u00e9 par la maison de quartier \u00ab\u00a0Occuper l\u2019espace public\u00a0\u00bb port\u00e9 par la maison de quartier et soutenu par les bailleurs sociaux Alliad et Habitat m\u00e9tropole\u2026 Il \u00e9tait propos\u00e9 une distribution de marrons au Soleil. Boissons chaudes et jus de fruits bio propos\u00e9s par l\u2019association Vrac partenaire de la maison de quartier compl\u00e9taient cette d\u00e9gustation qui a r\u00e9uni familles ados et seniors du quartier. D\u2019autres animations sont pr\u00e9vues sur d\u2019autres lieux sous la houlette de Rachel Wieseck m\u00e9diatrice.<\/p>\n<p class=\"note\">T\u00e9l.\u00a004.77.25.94.70.<\/p>\n","protected":false},"excerpt":{"rendered":"\u00c0 la suite du projet port\u00e9 par la maison de quartier \u00ab\u00a0Occuper l\u2019espace public\u00a0\u00bb port\u00e9 par la maison&hellip;\n","protected":false},"author":2,"featured_media":527819,"comment_status":"","ping_status":"","sticky":false,"template":"","format":"standard","meta":{"footnotes":""},"categories":[9653],"tags":[1111,11,2430,7539,1777,674,1011,27,12,25,4001,7538,801],"class_list":{"0":"post-527818","1":"post","2":"type-post","3":"status-publish","4":"format-standard","5":"has-post-thumbnail","7":"category-saint-etienne","8":"tag-actu","9":"tag-actualites","10":"tag-auvergne-rhone-alpes","11":"tag-edition-loire-sud","12":"tag-eu","13":"tag-europe","14":"tag-fr","15":"tag-france","16":"tag-news","17":"tag-republique-francaise","18":"tag-saint-etienne","19":"tag-saint-etienne-ville","20":"tag-social"},"share_on_mastodon":{"url":"https:\/\/pubeurope.com\/@fr\/115532826300375820","error":""},"_links":{"self":[{"href":"https:\/\/www.europesays.com\/fr\/wp-json\/wp\/v2\/posts\/527818","targetHints":{"allow":["GET"]}}],"collection":[{"href":"https:\/\/www.europesays.com\/fr\/wp-json\/wp\/v2\/posts"}],"about":[{"href":"https:\/\/www.europesays.com\/fr\/wp-json\/wp\/v2\/types\/post"}],"author":[{"embeddable":true,"href":"https:\/\/www.europesays.com\/fr\/wp-json\/wp\/v2\/users\/2"}],"replies":[{"embeddable":true,"href":"https:\/\/www.europesays.com\/fr\/wp-json\/wp\/v2\/comments?post=527818"}],"version-history":[{"count":0,"href":"https:\/\/www.europesays.com\/fr\/wp-json\/wp\/v2\/posts\/527818\/revisions"}],"wp:featuredmedia":[{"embeddable":true,"href":"https:\/\/www.europesays.com\/fr\/wp-json\/wp\/v2\/media\/527819"}],"wp:attachment":[{"href":"https:\/\/www.europesays.com\/fr\/wp-json\/wp\/v2\/media?parent=527818"}],"wp:term":[{"taxonomy":"category","embeddable":true,"href":"https:\/\/www.europesays.com\/fr\/wp-json\/wp\/v2\/categories?post=527818"},{"taxonomy":"post_tag","embeddable":true,"href":"https:\/\/www.europesays.com\/fr\/wp-json\/wp\/v2\/tags?post=527818"}],"curies":[{"name":"wp","href":"https:\/\/api.w.org\/{rel}","templated":true}]}}