{"id":527820,"date":"2025-11-11T19:56:24","date_gmt":"2025-11-11T19:56:24","guid":{"rendered":"https:\/\/www.europesays.com\/fr\/527820\/"},"modified":"2025-11-11T19:56:24","modified_gmt":"2025-11-11T19:56:24","slug":"nancy-lautre-canal-et-loctroi-ont-14-mois-pour-penser-lavenir-de-leur-site-partage","status":"publish","type":"post","link":"https:\/\/www.europesays.com\/fr\/527820\/","title":{"rendered":"Nancy. L\u2019Autre Canal et l\u2019Octroi\u00a0ont 14 mois pour penser l\u2019avenir de leur site\u00a0partag\u00e9"},"content":{"rendered":"<p>Sur le terrain, pas de changement apparent pour l\u2019heure mais, dans un avenir tout proche, la simple promiscuit\u00e9 entre les deux \u00e9quipements va laisser place \u00e0 une vraie imbrication.<\/p>\n<p>D\u2019un c\u00f4t\u00e9 <a href=\"https:\/\/www.estrepublicain.fr\/culture-loisirs\/2024\/07\/07\/l-autre-canal-scene-de-musiques-actuelles-en-quete-de-mecenat\" target=\"_blank\" rel=\"noopener\">L\u2019Autre Canal, sc\u00e8ne labellis\u00e9e musiques actuelles (Smac)<\/a> g\u00e9r\u00e9e depuis 2007 par un EPCC (\u00e9tablissement public de coop\u00e9ration culturelle) et ses 25 employ\u00e9s permanents, de l\u2019autre <a href=\"https:\/\/www.estrepublicain.fr\/culture-loisirs\/2022\/12\/14\/l-octroi-un-tiers-lieu-creatif-et-citoyen-tres-ouvert\" target=\"_blank\" rel=\"noopener\">un tiers lieu anim\u00e9 par l\u2019association OK3, fond\u00e9e en 2019,<\/a> et ses trois salari\u00e9s, disposent de quatorze mois pour concevoir un projet commun de site.<\/p>\n<p>La Ville de Nancy a en effet lev\u00e9 les barri\u00e8res pour que les premiers contours d\u2019un \u00ab\u00a0p\u00f4le culturel et cr\u00e9atif\u00a0\u00bb puissent se redessiner dans ce quartier mutant o\u00f9 les Nanc\u00e9iens venaient s\u2019a\u00e9rer <a href=\"https:\/\/www.estrepublicain.fr\/meurthe-et-moselle\/2011\/03\/10\/l-ancien-abattoir-rehabilite\" target=\"_blank\" rel=\"noopener\">avant que les abattoirs n\u2019y viennent s\u2019\u00e9tendre<\/a> sur une emprise fonci\u00e8re unitaire de 60\u00a0000 m2.<\/p>\n<p>\u00ab\u00a0Tout est \u00e0 inventer, s\u2019enthousiasme S\u00e9bastien Etienne, le directeur de L\u2019Autre Canal.\u00a0Il n\u2019y a jamais eu de zones de frictions entre nos deux \u00e9tablissements mais plut\u00f4t, au contraire, des \u00e9lans collaboratifs que nos statuts respectifs ne permettaient pas toujours de mettre en \u0153uvre.\u00a0\u00bb<\/p>\n<p>  Agents doubles infiltr\u00e9s<\/p>\n<p><a href=\"https:\/\/www.estrepublicain.fr\/culture-loisirs\/2025\/05\/12\/bon-moment-le-meilleur-de-l-autre-canal-compile-en-un-festival\" target=\"_blank\" rel=\"noopener\">Le festival Bon Moment a ainsi mat\u00e9rialis\u00e9 des zones de contact possibles au fil de ses \u00e9ditions.<\/a> L\u2019\u00e9v\u00e9nement illustre d\u2019ailleurs bien l\u2019esprit dans laquelle la Ville de Nancy veut que le site s\u2019inscrive, avec cette tentative de faire fonctionner les deux structures en synergie en facilitant la mutualisation de leurs moyens humains et logistiques. L\u2019objectif \u00e9tant de donner \u00e0 l\u2019ensemble une plus value.<\/p>\n<p>Une port\u00e9e soci\u00e9tale est \u00e9galement dans le viseur, en multipliant les points et les temps de rencontres entre les publics\u00a0; environnementale, aussi, en favorisant les circuits courts\u00a0; et financi\u00e8re, en favorisant de nouvelles sources de recettes, gr\u00e2ce \u00e0 de l\u2019accueil \u00e9v\u00e9nementiel et de nouveaux partenariats\/m\u00e9c\u00e8nes. L\u2019Autre Canal recrute m\u00eame pour remplir cette nouvelle mission, dont le nom de code\u00a0est Passerelle.<\/p>\n<p>\u00ab\u00a0\u00c0\u00a0une \u00e9poque o\u00f9 l\u2019on demande aux op\u00e9rateurs culturels de trouver de nouveaux mod\u00e8les \u00e9conomiques, \u00e7a para\u00eet plus que coh\u00e9rent\u00a0\u00bb, approuve le directeur.<\/p>\n<p>Dans l\u2019imm\u00e9diat, la coop\u00e9ration se traduit par l\u2019engagement d\u2019agents doubles infiltr\u00e9s. De mani\u00e8re moins imag\u00e9e, un des employ\u00e9s de L\u2019Autre Canal volontaire est d\u00e9tach\u00e9 aupr\u00e8s d\u2019OK3 et inversement. Ils joueront ind\u00e9niablement un r\u00f4le de pilote dans les commissions install\u00e9es d\u00e8s cette premi\u00e8re semaine, pour mener les prospectives sur l\u2019avenir de cet ensemble urbanistique, de son futur aspect paysager jusqu\u2019aux nouvelles formes d\u2019exploitation de ses b\u00e2timents et espaces, dont la gestion a \u00e9t\u00e9 redistribu\u00e9e entre les deux op\u00e9rateurs.<\/p>\n<p>  Restructuration r\u00e9versible<\/p>\n<p>Le temps de l\u2019exp\u00e9rimentation, L\u2019Autre Canal r\u00e9cup\u00e8re dans son giron la grande halle et la halle ouverte, o\u00f9 se tient le march\u00e9 des producteurs, les vendredis. OK3 garde sous sa gouverne la petite halle et les b\u00e2timents h\u00e9bergeurs de ses bureaux, ceux de l\u2019Agence culturelle Grand Est et des laboratoires et ateliers d\u2019exp\u00e9rimentation ouverts aux petits porteurs de projets.<\/p>\n<p>S\u00e9bastien Etienne insiste\u00a0: \u00ab\u00a0Chaque structure conserve ses pr\u00e9rogatives et missions initiales sp\u00e9cifiques et compl\u00e9mentaires. Si, \u00e0 l\u2019issue du d\u00e9lai, la pr\u00e9figuration du site voulu p\u00e9renne et innovant ne s\u2019av\u00e9rait pas satisfaisante, cette restructuration serait r\u00e9versible.\u00a0\u00bb Et si elle se confirme, alors \u00e0 ce nouveau lieu de vie, il faudra trouver un nom propre, en concertation.<\/p>\n","protected":false},"excerpt":{"rendered":"Sur le terrain, pas de changement apparent pour l\u2019heure mais, dans un avenir tout proche, la simple promiscuit\u00e9&hellip;\n","protected":false},"author":2,"featured_media":527821,"comment_status":"","ping_status":"","sticky":false,"template":"","format":"standard","meta":{"footnotes":""},"categories":[9635],"tags":[1111,11,1687,1704,1777,674,1011,27,775,1702,1703,12,2661,25,3140],"class_list":{"0":"post-527820","1":"post","2":"type-post","3":"status-publish","4":"format-standard","5":"has-post-thumbnail","7":"category-nancy","8":"tag-actu","9":"tag-actualites","10":"tag-culture-loisirs","11":"tag-edition-nancy-et-agglomeration","12":"tag-eu","13":"tag-europe","14":"tag-fr","15":"tag-france","16":"tag-grand-est","17":"tag-nancy","18":"tag-nancy-ville-54b","19":"tag-news","20":"tag-patrimoine-culturel","21":"tag-republique-francaise","22":"tag-spectacle"},"share_on_mastodon":{"url":"https:\/\/pubeurope.com\/@fr\/115532830075697091","error":""},"_links":{"self":[{"href":"https:\/\/www.europesays.com\/fr\/wp-json\/wp\/v2\/posts\/527820","targetHints":{"allow":["GET"]}}],"collection":[{"href":"https:\/\/www.europesays.com\/fr\/wp-json\/wp\/v2\/posts"}],"about":[{"href":"https:\/\/www.europesays.com\/fr\/wp-json\/wp\/v2\/types\/post"}],"author":[{"embeddable":true,"href":"https:\/\/www.europesays.com\/fr\/wp-json\/wp\/v2\/users\/2"}],"replies":[{"embeddable":true,"href":"https:\/\/www.europesays.com\/fr\/wp-json\/wp\/v2\/comments?post=527820"}],"version-history":[{"count":0,"href":"https:\/\/www.europesays.com\/fr\/wp-json\/wp\/v2\/posts\/527820\/revisions"}],"wp:featuredmedia":[{"embeddable":true,"href":"https:\/\/www.europesays.com\/fr\/wp-json\/wp\/v2\/media\/527821"}],"wp:attachment":[{"href":"https:\/\/www.europesays.com\/fr\/wp-json\/wp\/v2\/media?parent=527820"}],"wp:term":[{"taxonomy":"category","embeddable":true,"href":"https:\/\/www.europesays.com\/fr\/wp-json\/wp\/v2\/categories?post=527820"},{"taxonomy":"post_tag","embeddable":true,"href":"https:\/\/www.europesays.com\/fr\/wp-json\/wp\/v2\/tags?post=527820"}],"curies":[{"name":"wp","href":"https:\/\/api.w.org\/{rel}","templated":true}]}}