{"id":527822,"date":"2025-11-11T19:57:14","date_gmt":"2025-11-11T19:57:14","guid":{"rendered":"https:\/\/www.europesays.com\/fr\/527822\/"},"modified":"2025-11-11T19:57:14","modified_gmt":"2025-11-11T19:57:14","slug":"revivez-lhommage-a-la-paix-au-memorial-desilles","status":"publish","type":"post","link":"https:\/\/www.europesays.com\/fr\/527822\/","title":{"rendered":"revivez l&rsquo;hommage \u00e0 la paix au M\u00e9morial D\u00e9silles"},"content":{"rendered":"<p>\u00c0 17h, la ville de Nancy s\u2019est rassembl\u00e9e devant le M\u00e9morial D\u00e9silles pour comm\u00e9morer le 107e anniversaire de l\u2019Armistice de 1918. En pr\u00e9sence du pr\u00e9fet de Meurthe-et-Moselle, des autorit\u00e9s civiles et militaires, la c\u00e9r\u00e9monie a \u00e9t\u00e9 marqu\u00e9e par des remises de m\u00e9dailles, le d\u00e9p\u00f4t de gerbes, le ravivage de la flamme et la lecture des messages officiels. Un moment solennel pour honorer les morts de la Grande Guerre et r\u00e9affirmer le devoir de m\u00e9moire.<\/p>\n","protected":false},"excerpt":{"rendered":"\u00c0 17h, la ville de Nancy s\u2019est rassembl\u00e9e devant le M\u00e9morial D\u00e9silles pour comm\u00e9morer le 107e anniversaire de&hellip;\n","protected":false},"author":2,"featured_media":527823,"comment_status":"","ping_status":"","sticky":false,"template":"","format":"standard","meta":{"footnotes":""},"categories":[9635],"tags":[1111,11,1704,1777,674,107,1011,27,2798,775,1702,12,2661,316,25,104],"class_list":{"0":"post-527822","1":"post","2":"type-post","3":"status-publish","4":"format-standard","5":"has-post-thumbnail","7":"category-nancy","8":"tag-actu","9":"tag-actualites","10":"tag-edition-nancy-et-agglomeration","11":"tag-eu","12":"tag-europe","13":"tag-fil-info","14":"tag-fr","15":"tag-france","16":"tag-galerie-photo","17":"tag-grand-est","18":"tag-nancy","19":"tag-news","20":"tag-patrimoine-culturel","21":"tag-politique","22":"tag-republique-francaise","23":"tag-societe"},"share_on_mastodon":{"url":"https:\/\/pubeurope.com\/@fr\/115532833971553828","error":""},"_links":{"self":[{"href":"https:\/\/www.europesays.com\/fr\/wp-json\/wp\/v2\/posts\/527822","targetHints":{"allow":["GET"]}}],"collection":[{"href":"https:\/\/www.europesays.com\/fr\/wp-json\/wp\/v2\/posts"}],"about":[{"href":"https:\/\/www.europesays.com\/fr\/wp-json\/wp\/v2\/types\/post"}],"author":[{"embeddable":true,"href":"https:\/\/www.europesays.com\/fr\/wp-json\/wp\/v2\/users\/2"}],"replies":[{"embeddable":true,"href":"https:\/\/www.europesays.com\/fr\/wp-json\/wp\/v2\/comments?post=527822"}],"version-history":[{"count":0,"href":"https:\/\/www.europesays.com\/fr\/wp-json\/wp\/v2\/posts\/527822\/revisions"}],"wp:featuredmedia":[{"embeddable":true,"href":"https:\/\/www.europesays.com\/fr\/wp-json\/wp\/v2\/media\/527823"}],"wp:attachment":[{"href":"https:\/\/www.europesays.com\/fr\/wp-json\/wp\/v2\/media?parent=527822"}],"wp:term":[{"taxonomy":"category","embeddable":true,"href":"https:\/\/www.europesays.com\/fr\/wp-json\/wp\/v2\/categories?post=527822"},{"taxonomy":"post_tag","embeddable":true,"href":"https:\/\/www.europesays.com\/fr\/wp-json\/wp\/v2\/tags?post=527822"}],"curies":[{"name":"wp","href":"https:\/\/api.w.org\/{rel}","templated":true}]}}