{"id":527831,"date":"2025-11-11T20:03:32","date_gmt":"2025-11-11T20:03:32","guid":{"rendered":"https:\/\/www.europesays.com\/fr\/527831\/"},"modified":"2025-11-11T20:03:32","modified_gmt":"2025-11-11T20:03:32","slug":"un-homme-prend-feu-en-faisant-le-plein-a-la-station-service","status":"publish","type":"post","link":"https:\/\/www.europesays.com\/fr\/527831\/","title":{"rendered":"Un homme prend feu en faisant le plein \u00e0 la station-service"},"content":{"rendered":"<p>Accidentelles ou volontaires, les raisons d\u2019un pareil \u00e9v\u00e9nement ne sont pas encore connues. Ce lundi vers 13h30, un homme d\u2019une trentaine d\u2019ann\u00e9es a pris <a href=\"https:\/\/www.20minutes.fr\/dossier\/feu\" class=\"c-link c-link--is-underlined\" rel=\"nofollow noopener\" target=\"_blank\">feu<\/a> alors qu\u2019il faisait le plein \u00e0 la <a href=\"https:\/\/www.20minutes.fr\/dossier\/station_service\" class=\"c-link c-link--is-underlined\" rel=\"nofollow noopener\" target=\"_blank\">station-service<\/a> d\u2019un Carrefour Market du nord-est de <a href=\"https:\/\/www.20minutes.fr\/dossier\/rouen\" class=\"c-link c-link--is-underlined\" rel=\"nofollow noopener\" target=\"_blank\">Rouen<\/a>, rapporte <a href=\"https:\/\/www.lavoixdunord.fr\/1645121\/article\/2025-11-11\/un-client-prend-feu-dans-une-station-service-carrefour-market-l-homme-est-en\" target=\"_blank\" class=\"c-link c-link--is-underlined\" rel=\"nofollow noopener\">Paris Normandie<\/a>.<\/p>\n<p>Br\u00fbl\u00e9 sur une grande partie du corps et hospitalis\u00e9 en urgence absolue, l\u2019infortun\u00e9 doit pour l\u2019heure la vie sauve \u00e0 des passants qui se sont pr\u00e9cipit\u00e9s sur lui pour \u00e9touffer les flammes avec des v\u00eatements.<\/p>\n<p>Enqu\u00eate en cours<\/p>\n<p>Ni le v\u00e9hicule de la victime ni les installations n\u2019ont \u00e9t\u00e9 touch\u00e9s par les flammes. La station, s\u00e9curis\u00e9e puis bri\u00e8vement ferm\u00e9e, a pu rouvrir en fin d\u2019apr\u00e8s-midi. Six t\u00e9moins, dont des employ\u00e9s, ont \u00e9t\u00e9 pris en charge. Deux personnes, choqu\u00e9es, ont re\u00e7u un soutien m\u00e9dical. Une cellule psychologique a \u00e9t\u00e9 mise en place, poursuit le quotidien normand.<\/p>\n<\/p>\n<p>La gendarmerie de Saint-Jacques-de-Darn\u00e9tal a ouvert une enqu\u00eate pour d\u00e9terminer les causes de cet accident.<\/p>\n","protected":false},"excerpt":{"rendered":"Accidentelles ou volontaires, les raisons d\u2019un pareil \u00e9v\u00e9nement ne sont pas encore connues. Ce lundi vers 13h30, un&hellip;\n","protected":false},"author":2,"featured_media":527832,"comment_status":"","ping_status":"","sticky":false,"template":"","format":"standard","meta":{"footnotes":""},"categories":[9587],"tags":[1111,47,11,1777,674,118,1312,1011,27,1310,12,5161,25,9590,5163,31429],"class_list":{"0":"post-527831","1":"post","2":"type-post","3":"status-publish","4":"format-standard","5":"has-post-thumbnail","7":"category-rouen","8":"tag-actu","9":"tag-actualite","10":"tag-actualites","11":"tag-eu","12":"tag-europe","13":"tag-faits-divers","14":"tag-feu","15":"tag-fr","16":"tag-france","17":"tag-incendie","18":"tag-news","19":"tag-normandie","20":"tag-republique-francaise","21":"tag-rouen","22":"tag-seine-maritime","23":"tag-station-service"},"share_on_mastodon":{"url":"https:\/\/pubeurope.com\/@fr\/115532857571392231","error":""},"_links":{"self":[{"href":"https:\/\/www.europesays.com\/fr\/wp-json\/wp\/v2\/posts\/527831","targetHints":{"allow":["GET"]}}],"collection":[{"href":"https:\/\/www.europesays.com\/fr\/wp-json\/wp\/v2\/posts"}],"about":[{"href":"https:\/\/www.europesays.com\/fr\/wp-json\/wp\/v2\/types\/post"}],"author":[{"embeddable":true,"href":"https:\/\/www.europesays.com\/fr\/wp-json\/wp\/v2\/users\/2"}],"replies":[{"embeddable":true,"href":"https:\/\/www.europesays.com\/fr\/wp-json\/wp\/v2\/comments?post=527831"}],"version-history":[{"count":0,"href":"https:\/\/www.europesays.com\/fr\/wp-json\/wp\/v2\/posts\/527831\/revisions"}],"wp:featuredmedia":[{"embeddable":true,"href":"https:\/\/www.europesays.com\/fr\/wp-json\/wp\/v2\/media\/527832"}],"wp:attachment":[{"href":"https:\/\/www.europesays.com\/fr\/wp-json\/wp\/v2\/media?parent=527831"}],"wp:term":[{"taxonomy":"category","embeddable":true,"href":"https:\/\/www.europesays.com\/fr\/wp-json\/wp\/v2\/categories?post=527831"},{"taxonomy":"post_tag","embeddable":true,"href":"https:\/\/www.europesays.com\/fr\/wp-json\/wp\/v2\/tags?post=527831"}],"curies":[{"name":"wp","href":"https:\/\/api.w.org\/{rel}","templated":true}]}}