{"id":527833,"date":"2025-11-11T20:04:36","date_gmt":"2025-11-11T20:04:36","guid":{"rendered":"https:\/\/www.europesays.com\/fr\/527833\/"},"modified":"2025-11-11T20:04:36","modified_gmt":"2025-11-11T20:04:36","slug":"fontaine-tasty-food-et-tasty-cafe-nouvelle-enseigne-avenue-aristide-briand","status":"publish","type":"post","link":"https:\/\/www.europesays.com\/fr\/527833\/","title":{"rendered":"Fontaine. Tasty Food et Tasty Caf\u00e9, nouvelle enseigne avenue Aristide-Briand"},"content":{"rendered":"<p>Depuis le mois d\u2019octobre, une nouvelle enseigne a ouvert ses portes au 111 avenue Aristide-Briand\u00a0: Le Tasty Food et Le Tasty Caf\u00e9. Ramzi Mdaissi et ses deux collaborateurs accueillent les clients tous les jours.<\/p>\n<p>L\u2019ancien glacier La Neige, bien connu des Fontainois, a laiss\u00e9 place \u00e0 un caf\u00e9-restaurant moderne et convivial. Les clients peuvent y profiter d\u2019une terrasse agr\u00e9able et d\u2019une salle lumineuse, id\u00e9alement situ\u00e9es \u00e0 proximit\u00e9 du tramway, \u00e0 deux pas de la mairie et de la Source.<\/p>\n<p>La carte propose une restauration rapide de type snacking\u00a0: burgers, tacos, salades, bowls (dont une option v\u00e9g\u00e9tarienne) et quelques desserts. En semaine, du lundi au vendredi, un menu \u00e9tudiant est \u00e9galement propos\u00e9 le midi.<\/p>\n<p>Avec son accueil chaleureux et son ambiance d\u00e9tendue, nul doute que cette nouvelle adresse deviendra bient\u00f4t un lieu de rendez-vous appr\u00e9ci\u00e9 des Fontainois.<\/p>\n","protected":false},"excerpt":{"rendered":"Depuis le mois d\u2019octobre, une nouvelle enseigne a ouvert ses portes au 111 avenue Aristide-Briand\u00a0: Le Tasty Food&hellip;\n","protected":false},"author":2,"featured_media":527834,"comment_status":"","ping_status":"","sticky":false,"template":"","format":"standard","meta":{"footnotes":""},"categories":[9566],"tags":[1111,11,2430,4406,33,112,1777,674,9592,11680,1011,27,2731,12,25],"class_list":{"0":"post-527833","1":"post","2":"type-post","3":"status-publish","4":"format-standard","5":"has-post-thumbnail","7":"category-grenoble","8":"tag-actu","9":"tag-actualites","10":"tag-auvergne-rhone-alpes","11":"tag-commerce-et-services","12":"tag-economie","13":"tag-edition-grenoble-agglomeration","14":"tag-eu","15":"tag-europe","16":"tag-fontaine","17":"tag-fontaine-bassin","18":"tag-fr","19":"tag-france","20":"tag-grenoble","21":"tag-news","22":"tag-republique-francaise"},"share_on_mastodon":{"url":"https:\/\/pubeurope.com\/@fr\/115532861651686040","error":""},"_links":{"self":[{"href":"https:\/\/www.europesays.com\/fr\/wp-json\/wp\/v2\/posts\/527833","targetHints":{"allow":["GET"]}}],"collection":[{"href":"https:\/\/www.europesays.com\/fr\/wp-json\/wp\/v2\/posts"}],"about":[{"href":"https:\/\/www.europesays.com\/fr\/wp-json\/wp\/v2\/types\/post"}],"author":[{"embeddable":true,"href":"https:\/\/www.europesays.com\/fr\/wp-json\/wp\/v2\/users\/2"}],"replies":[{"embeddable":true,"href":"https:\/\/www.europesays.com\/fr\/wp-json\/wp\/v2\/comments?post=527833"}],"version-history":[{"count":0,"href":"https:\/\/www.europesays.com\/fr\/wp-json\/wp\/v2\/posts\/527833\/revisions"}],"wp:featuredmedia":[{"embeddable":true,"href":"https:\/\/www.europesays.com\/fr\/wp-json\/wp\/v2\/media\/527834"}],"wp:attachment":[{"href":"https:\/\/www.europesays.com\/fr\/wp-json\/wp\/v2\/media?parent=527833"}],"wp:term":[{"taxonomy":"category","embeddable":true,"href":"https:\/\/www.europesays.com\/fr\/wp-json\/wp\/v2\/categories?post=527833"},{"taxonomy":"post_tag","embeddable":true,"href":"https:\/\/www.europesays.com\/fr\/wp-json\/wp\/v2\/tags?post=527833"}],"curies":[{"name":"wp","href":"https:\/\/api.w.org\/{rel}","templated":true}]}}