{"id":527837,"date":"2025-11-11T20:06:13","date_gmt":"2025-11-11T20:06:13","guid":{"rendered":"https:\/\/www.europesays.com\/fr\/527837\/"},"modified":"2025-11-11T20:06:13","modified_gmt":"2025-11-11T20:06:13","slug":"dans-cette-commune-dille-et-vilaine-les-habitants-sorganisent-face-a-labondance-de-pommes","status":"publish","type":"post","link":"https:\/\/www.europesays.com\/fr\/527837\/","title":{"rendered":"Dans cette commune d\u2019Ille-et-Vilaine, les habitants s\u2019organisent face \u00e0 l\u2019abondance de pommes"},"content":{"rendered":"<p>\u00a0Les ann\u00e9es pass\u00e9es, les gens venaient \u00e0 leur guise r\u00e9colter les fruits, explique Chantal Chaplain, propri\u00e9taire d\u2019un verg\u00e9 plant\u00e9 avec son mari, en 1982, au village du Rocher Hue, \u00e0 Saint-Marc-le-Blanc (Ille-et-Vilaine). Cette ann\u00e9e, la r\u00e9colte est excellente. Avec de grosses pommes, des saveurs douces ou acidul\u00e9es selon les vari\u00e9t\u00e9s.\u00a0<\/p>\n<p>Devant la quantit\u00e9 de pommes, Chantal Chaplain a sollicit\u00e9 la communaut\u00e9 de communes de Couesnon Marches de Bretagne. Notamment Henri Pierre Rouault, ing\u00e9nieur territorial et\u00a0r\u00e9f\u00e9rent biodiversit\u00e9.\u00a0Nous avons <a href=\"https:\/\/fougeres.maville.com\/actu\/actudet_-maen-roch.-lls-luttent-contre-le-gaspillage-des-pommes-en-les-transformant-en-jus-_7-7039029_actu.Htm\" target=\"_self\" rel=\"noopener\">30\u00a0% de production en plus par rapport aux ann\u00e9es pass\u00e9es<\/a> , constate le sp\u00e9cialiste. Cette ann\u00e9e, les presses mobiles ont \u00e9t\u00e9 d\u00e9bord\u00e9es\u00a0! De nombreuses personnes n\u2019ont pas pu faire de jus de pommes.\u00a0<\/p>\n<p>\u00ab\u00a0Nous avons amen\u00e9 les gens \u00e0 travailler ensemble\u00a0\u00bb<\/p>\n<p>Face \u00e0 ce constat, la propri\u00e9taire du verger et la communaut\u00e9 de communes ont eu l\u2019id\u00e9e de <a href=\"https:\/\/fougeres.maville.com\/actu\/actudet_-maen-roch.-lls-luttent-contre-le-gaspillage-des-pommes-en-les-transformant-en-jus-_7-7039029_actu.Htm\" target=\"_self\" rel=\"noopener\">mutualiser la r\u00e9colte<\/a> pour atteindre 300\u00a0kg de pomme et en faire du jus. C\u2019est ainsi que, vendredi 7\u00a0novembre 2025, familles, voisins et habitants du village sont venus pr\u00eater main-forte.<\/p>\n<p>\u00a0Nous avons amen\u00e9 les gens \u00e0 travailler ensemble, raconte la ma\u00eetresse des lieux. Il r\u00e8gne un moment de rencontre et de partage\u00a0: pas question d\u2019argent\u00a0!\u00a0Pour cette premi\u00e8re organisation collective, Chantal Caplain a m\u00eame promis de partager un repas avec les participants.<\/p>\n<p>Ensuite, direction Romagn\u00e9 (Ille-et-Vilaine) o\u00f9 Jonathan Boulvais a justement lanc\u00e9 en septembre son activit\u00e9 de pressage de pommes pour les particuliers. \u00a0On \u00e9tait inquiets, car pr\u00e8s de 40\u00a0tonnes de pommes n\u2019allaient plus pouvoir \u00eatre press\u00e9es\u00a0, se r\u00e9jouit Henri Pierre Rouault.<\/p>\n<p>Lundi, les pommes de Saint-Marc-le-Blanc ont ainsi pu \u00eatre press\u00e9es pour une mise en bouteille du jus le lendemain. Au total, le village du Rocher Hue a r\u00e9colt\u00e9 pr\u00e8s de 500\u00a0kg de pommes. Soit, pr\u00e8s de 350\u00a0litres de jus que les habitants vont pouvoir se partager.<\/p>\n<p>\u00a0<\/p>\n","protected":false},"excerpt":{"rendered":"\u00a0Les ann\u00e9es pass\u00e9es, les gens venaient \u00e0 leur guise r\u00e9colter les fruits, explique Chantal Chaplain, propri\u00e9taire d\u2019un verg\u00e9&hellip;\n","protected":false},"author":2,"featured_media":527838,"comment_status":"","ping_status":"","sticky":false,"template":"","format":"standard","meta":{"footnotes":""},"categories":[2821],"tags":[64706,1111,11,5648,829,7052,1777,674,2823,1011,27,4021,848,12,64331,62651,584,25,3728],"class_list":{"0":"post-527837","1":"post","2":"type-post","3":"status-publish","4":"format-standard","5":"has-post-thumbnail","7":"category-rennes","8":"tag-abondance","9":"tag-actu","10":"tag-actualites","11":"tag-annee","12":"tag-bretagne","13":"tag-commune","14":"tag-eu","15":"tag-europe","16":"tag-face","17":"tag-fr","18":"tag-france","19":"tag-habitants","20":"tag-ille-et-vilaine","21":"tag-news","22":"tag-organisent","23":"tag-pommes","24":"tag-rennes","25":"tag-republique-francaise","26":"tag-saint-malo"},"share_on_mastodon":{"url":"https:\/\/pubeurope.com\/@fr\/115532869466676873","error":""},"_links":{"self":[{"href":"https:\/\/www.europesays.com\/fr\/wp-json\/wp\/v2\/posts\/527837","targetHints":{"allow":["GET"]}}],"collection":[{"href":"https:\/\/www.europesays.com\/fr\/wp-json\/wp\/v2\/posts"}],"about":[{"href":"https:\/\/www.europesays.com\/fr\/wp-json\/wp\/v2\/types\/post"}],"author":[{"embeddable":true,"href":"https:\/\/www.europesays.com\/fr\/wp-json\/wp\/v2\/users\/2"}],"replies":[{"embeddable":true,"href":"https:\/\/www.europesays.com\/fr\/wp-json\/wp\/v2\/comments?post=527837"}],"version-history":[{"count":0,"href":"https:\/\/www.europesays.com\/fr\/wp-json\/wp\/v2\/posts\/527837\/revisions"}],"wp:featuredmedia":[{"embeddable":true,"href":"https:\/\/www.europesays.com\/fr\/wp-json\/wp\/v2\/media\/527838"}],"wp:attachment":[{"href":"https:\/\/www.europesays.com\/fr\/wp-json\/wp\/v2\/media?parent=527837"}],"wp:term":[{"taxonomy":"category","embeddable":true,"href":"https:\/\/www.europesays.com\/fr\/wp-json\/wp\/v2\/categories?post=527837"},{"taxonomy":"post_tag","embeddable":true,"href":"https:\/\/www.europesays.com\/fr\/wp-json\/wp\/v2\/tags?post=527837"}],"curies":[{"name":"wp","href":"https:\/\/api.w.org\/{rel}","templated":true}]}}