{"id":527840,"date":"2025-11-11T20:08:42","date_gmt":"2025-11-11T20:08:42","guid":{"rendered":"https:\/\/www.europesays.com\/fr\/527840\/"},"modified":"2025-11-11T20:08:42","modified_gmt":"2025-11-11T20:08:42","slug":"a-strasbourg-les-studios-du-rhin-imaginent-le-dimanche-parfait","status":"publish","type":"post","link":"https:\/\/www.europesays.com\/fr\/527840\/","title":{"rendered":"\u00e0 Strasbourg, les Studios du Rhin imaginent le \u00ab\u00a0dimanche parfait \u00bb"},"content":{"rendered":"<p>    <img loading=\"lazy\" width=\"1800\" height=\"900\" src=\"https:\/\/www.europesays.com\/fr\/wp-content\/uploads\/2025\/11\/jeanne-callthepolice.jpg\" class=\"attachment-full size-full\" alt=\"\" id=\"imageLove\" decoding=\"async\"  \/><\/p>\n<p id=\"breadcrumbs\"><a href=\"https:\/\/pokaa.fr\/\" target=\"_blank\" rel=\"noopener\">Accueil<\/a> \/ <a href=\"https:\/\/pokaa.fr\/categories\/ses-sorties\/\" target=\"_blank\" rel=\"noopener\">Sorties<\/a> \/ Cocooning et clubbing : \u00e0 Strasbourg, les Studios du Rhin imaginent le \u00ab\u00a0dimanche parfait \u00bb<\/p>\n<p>                    Sorties<\/p>\n<p><strong>Les <a href=\"https:\/\/www.instagram.com\/studiosdurhin\/\" target=\"_blank\" rel=\"noopener\">Studios du Rhin<\/a>, c\u2019est une petite p\u00e9pite nich\u00e9e pr\u00e8s du Port du Rhin \u00e0 10 minutes en v\u00e9lo de la Cath\u00e9drale. \u00c0 la fois espace de coworking, plateforme audiovisuelle, espace festif et cr\u00e9atif : on vous en dit bient\u00f4t plus sur ce lieu pas comme les autres. Mais en attendant, vous pouvez le (re)d\u00e9couvrir le dimanche 23 novembre, \u00e0 l\u2019occasion de <a href=\"https:\/\/www.facebook.com\/events\/1379785807008090?active_tab=about\" target=\"_blank\" rel=\"noopener\">La Sunday<\/a>. Au programme : yoga, musique, bonne bouffe et clubbing. On vous dit tout !<\/strong><\/p>\n<p>Le principe de <strong>La Sunday ? Vivre son dimanche comme il se doit : \u00e0 la cool.<\/strong> Pour l\u2019occasion, les <strong>Studios du Rhin<\/strong> nous ont concoct\u00e9 <strong>une journ\u00e9e le 23 novembre, <\/strong>pour se relaxer ou se d\u00e9penser, chacun(e) y trouvera son compte !<\/p>\n<p>Et si ce premier rendez-vous vous s\u00e9duit, le lieu aimerait ritualiser cet \u00e9v\u00e8nement<strong>, pour le proposer un dimanche par mois !<\/strong> La perspective d\u2019un hiver tr\u00e8s (tr\u00e8s) apaisant et \u00e7a, on adore.<\/p>\n<p>                <img width=\"714\" height=\"500\" src=\"https:\/\/www.europesays.com\/fr\/wp-content\/uploads\/2025\/11\/studios-du-rhin-3-714x500.png\" class=\"attachment-gallery size-gallery\" alt=\"Studios du Rhin (3)\" data-full-url=\"https:\/\/pokaa.fr\/wp-content\/uploads\/2025\/11\/09\/studios-du-rhin-3.png\" decoding=\"async\" loading=\"lazy\"  \/>            <\/p>\n<p>                <img width=\"741\" height=\"500\" src=\"https:\/\/www.europesays.com\/fr\/wp-content\/uploads\/2025\/11\/studios-du-rhin-2-741x500.png\" class=\"attachment-gallery size-gallery\" alt=\"Studios du Rhin (2)\" data-full-url=\"https:\/\/pokaa.fr\/wp-content\/uploads\/2025\/11\/09\/studios-du-rhin-2.png\" decoding=\"async\" loading=\"lazy\"  \/>            <\/p>\n<p>                    \u00a9 Studios du Rhin \/ Captures d&rsquo;\u00e9cran<\/p>\n<p>Yoga et massages : d\u00e9marrage au calme<\/p>\n<p>Parce que le dimanche, c\u2019est une journ\u00e9e qui doit commencer en dou-ceur<strong>, le programme d\u00e9bute \u00e0 11h avec une s\u00e9ance de yoga par <a href=\"https:\/\/klubyoga.fr\" target=\"_blank\" rel=\"noopener\">Laura<\/a> (sur r\u00e9servation)<\/strong>, histoire de d\u00e9rouiller son corps et se d\u00e9sembrumer le cerveau. Cerise sur le g\u00e2teau, <strong>un DJ set par BenG est pr\u00e9vu pour accompagner cet \u00e9veil matinal<\/strong> : de quoi viber tout en douceur. N\u2019oubliez pas votre tapis !<\/p>\n<p><strong>\u00c0 partir de 12h30, les portes seront ouvertes pour toutes et tous, <\/strong>toujours avec du son pour s\u2019ambiancer tranquillement, et de quoi se r\u00e9galer avec des <strong>gourmandises locales et saines, <\/strong>pr\u00e9par\u00e9es avec amour par<strong><a href=\"https:\/\/www.instagram.com\/bokkos_boutique\/\" target=\"_blank\" rel=\"noopener\"> Bokko\u2019s<\/a> !<\/strong><\/p>\n<p>                <img width=\"640\" height=\"480\" src=\"https:\/\/www.europesays.com\/fr\/wp-content\/uploads\/2025\/11\/laura-diebold-klub-yoga.jpg\" class=\"attachment-gallery size-gallery\" alt=\"laura_diebold_klub_yoga\" data-full-url=\"https:\/\/www.europesays.com\/fr\/wp-content\/uploads\/2025\/11\/laura-diebold-klub-yoga.jpg\" decoding=\"async\" loading=\"lazy\"  \/>            <\/p>\n<p>                <img width=\"543\" height=\"320\" src=\"https:\/\/www.europesays.com\/fr\/wp-content\/uploads\/2025\/11\/klub-yoga-laura.png\" class=\"attachment-gallery size-gallery\" alt=\"Klub yoga Laura\" data-full-url=\"https:\/\/www.europesays.com\/fr\/wp-content\/uploads\/2025\/11\/klub-yoga-laura.png\" decoding=\"async\" loading=\"lazy\"  \/>            <\/p>\n<p>                <img width=\"480\" height=\"500\" src=\"https:\/\/www.europesays.com\/fr\/wp-content\/uploads\/2025\/11\/klub-yoga-laura-1-480x500.png\" class=\"attachment-gallery size-gallery\" alt=\"Klub yoga Laura (1)\" data-full-url=\"https:\/\/pokaa.fr\/wp-content\/uploads\/2025\/11\/09\/klub-yoga-laura-1.png\" decoding=\"async\" loading=\"lazy\"  \/>            <\/p>\n<p>                    \u00a9 Klub Yoga \/ Captures d&rsquo;\u00e9cran<\/p>\n<p>                <img width=\"791\" height=\"500\" src=\"https:\/\/www.europesays.com\/fr\/wp-content\/uploads\/2025\/11\/bokkos-aymeric-boursaux-4-791x500.png\" class=\"attachment-gallery size-gallery\" alt=\"Bokkos Aymeric Boursaux (4)\" data-full-url=\"https:\/\/pokaa.fr\/wp-content\/uploads\/2025\/11\/09\/bokkos-aymeric-boursaux-4.png\" decoding=\"async\" loading=\"lazy\"  \/>            <\/p>\n<p>                <img width=\"802\" height=\"500\" src=\"https:\/\/www.europesays.com\/fr\/wp-content\/uploads\/2025\/11\/bokkos-aymeric-boursaux-3-802x500.png\" class=\"attachment-gallery size-gallery\" alt=\"Bokkos Aymeric Boursaux (3)\" data-full-url=\"https:\/\/pokaa.fr\/wp-content\/uploads\/2025\/11\/09\/bokkos-aymeric-boursaux-3.png\" decoding=\"async\" loading=\"lazy\"  \/>            <\/p>\n<p>                <img width=\"784\" height=\"500\" src=\"https:\/\/www.europesays.com\/fr\/wp-content\/uploads\/2025\/11\/bokkos-aymeric-boursaux-2-784x500.png\" class=\"attachment-gallery size-gallery\" alt=\"Bokkos Aymeric Boursaux (2)\" data-full-url=\"https:\/\/pokaa.fr\/wp-content\/uploads\/2025\/11\/09\/bokkos-aymeric-boursaux-2.png\" decoding=\"async\" loading=\"lazy\"  \/>            <\/p>\n<p>                <img width=\"786\" height=\"500\" src=\"https:\/\/www.europesays.com\/fr\/wp-content\/uploads\/2025\/11\/bokkos-aymeric-boursaux-1-786x500.png\" class=\"attachment-gallery size-gallery\" alt=\"Bokkos Aymeric Boursaux (1)\" data-full-url=\"https:\/\/pokaa.fr\/wp-content\/uploads\/2025\/11\/09\/bokkos-aymeric-boursaux-1.png\" decoding=\"async\" loading=\"lazy\"  \/>            <\/p>\n<p>                    Bokko&rsquo;s. \u00a9 Aymeric Boursaux \/ Captures d&rsquo;\u00e9cran<\/p>\n<p><strong>\u00c0 14h30, Laura guidera un temps calme tout en musique, <\/strong>ax\u00e9 sur la relaxation et la respiration,<strong> tandis que <a href=\"https:\/\/beb-bien-etre.com\" target=\"_blank\" rel=\"noopener\">Betty<\/a> sera de la partie pour vous proposer des massages relaxants de 30 minutes \u00e0 la carte (sur r\u00e9servation).<\/strong><\/p>\n<p>                <img width=\"526\" height=\"500\" src=\"https:\/\/www.europesays.com\/fr\/wp-content\/uploads\/2025\/11\/massages-bien-etre-beb-betty-3-526x500.png\" class=\"attachment-gallery size-gallery\" alt=\"massages bien-\u00eatre beb Betty (3)\" data-full-url=\"https:\/\/pokaa.fr\/wp-content\/uploads\/2025\/11\/09\/massages-bien-etre-beb-betty-3.png\" decoding=\"async\" loading=\"lazy\"  \/>            <\/p>\n<p>                <img width=\"502\" height=\"500\" src=\"https:\/\/www.europesays.com\/fr\/wp-content\/uploads\/2025\/11\/massages-bien-etre-beb-betty-2-502x500.png\" class=\"attachment-gallery size-gallery\" alt=\"massages bien-\u00eatre beb Betty (2)\" data-full-url=\"https:\/\/pokaa.fr\/wp-content\/uploads\/2025\/11\/09\/massages-bien-etre-beb-betty-2.png\" decoding=\"async\" loading=\"lazy\"  \/>            <\/p>\n<p>                <img width=\"372\" height=\"500\" src=\"https:\/\/www.europesays.com\/fr\/wp-content\/uploads\/2025\/11\/massages-bien-etre-beb-betty-1-372x500.png\" class=\"attachment-gallery size-gallery\" alt=\"massages bien-\u00eatre beb Betty (1)\" data-full-url=\"https:\/\/pokaa.fr\/wp-content\/uploads\/2025\/11\/09\/massages-bien-etre-beb-betty-1.png\" decoding=\"async\" loading=\"lazy\"  \/>            <\/p>\n<p>                    \u00a9 Beb massages bien-\u00eatre \/ Capture d&rsquo;\u00e9cran<\/p>\n<p>Danse et clubbing : \u00e0 partir de 17h, on groove<\/p>\n<p><strong>De 17h \u00e0 18h, la <a href=\"https:\/\/www.instagram.com\/cie_watt\" target=\"_blank\" rel=\"noopener\">compagnie WATT<\/a> prendra le relais pour un cours de House Dance<\/strong>. Ensuite, vous pourrez mettre en pratique vos nouveaux mouvements, avec <strong>une soir\u00e9e clubbing<\/strong> comme on les aime.<\/p>\n<p>Pour l\u2019occasion, <a href=\"https:\/\/soundcloud.com\/shaka\" target=\"_blank\" rel=\"noopener\"><strong>DJ Shaka<\/strong><\/a> viendra tout sp\u00e9cialement de Suisse, pour mettre l\u2019ambiance avec des influences <strong>hip-hop, funk, acid ou encore house<\/strong><strong>.<\/strong> De quoi faire <strong>chauffer le dance floor jusqu\u2019\u00e0 22h,<\/strong> heure de fin de l\u2019\u00e9v\u00e9nement, histoire de rester frais\/\u00eeches le lundi matin, pour reprendre sa semaine du bon pied.<\/p>\n<p>L\u2019entr\u00e9e est libre de 12h30 \u00e0 16h30, et co\u00fbtera ensuite 5\u20ac, hors r\u00e9servation de cours ou soins. <strong>Les r\u00e9servations se font <a href=\"https:\/\/my.weezevent.com\/la-sunday\" target=\"_blank\" rel=\"noopener\">par ici<\/a>\u00a0:<\/strong> alors, vous venez\u00a0?<\/p>\n<p>                <img width=\"368\" height=\"500\" src=\"https:\/\/www.europesays.com\/fr\/wp-content\/uploads\/2025\/11\/compagnie-watt-chi-aurea-b-2-368x500.png\" class=\"attachment-gallery size-gallery\" alt=\"Compagnie Watt Chi Aurea B (2)\" data-full-url=\"https:\/\/pokaa.fr\/wp-content\/uploads\/2025\/11\/09\/compagnie-watt-chi-aurea-b-2.png\" decoding=\"async\" loading=\"lazy\"  \/>            <\/p>\n<p>                <img width=\"343\" height=\"500\" src=\"https:\/\/www.europesays.com\/fr\/wp-content\/uploads\/2025\/11\/compagnie-watt-chi-aurea-b-3-343x500.png\" class=\"attachment-gallery size-gallery\" alt=\"Compagnie Watt Chi Aurea B (3)\" data-full-url=\"https:\/\/pokaa.fr\/wp-content\/uploads\/2025\/11\/09\/compagnie-watt-chi-aurea-b-3.png\" decoding=\"async\" loading=\"lazy\"  \/>            <\/p>\n<p>                <img width=\"388\" height=\"500\" src=\"https:\/\/www.europesays.com\/fr\/wp-content\/uploads\/2025\/11\/compagnie-watt-chi-aurea-b-1-388x500.png\" class=\"attachment-gallery size-gallery\" alt=\"Compagnie Watt Chi Aurea B (1)\" data-full-url=\"https:\/\/pokaa.fr\/wp-content\/uploads\/2025\/11\/09\/compagnie-watt-chi-aurea-b-1.png\" decoding=\"async\" loading=\"lazy\"  \/>            <\/p>\n<p>                    Compagnie Watt. \u00a9 Chi Aurea B. \/ Captures d&rsquo;\u00e9cran<\/p>\n<p>    <img width=\"600\" height=\"600\" src=\"https:\/\/www.europesays.com\/fr\/wp-content\/uploads\/2025\/11\/dj-shaka-bale-suisse-600x600.png\" class=\"attachment-image-size-M size-image-size-M\" alt=\"DJ Shaka b\u00e2le Suisse\" decoding=\"async\" loading=\"lazy\"  \/>         \u00a9 DJ Shaka \/ Capture d&rsquo;\u00e9cran <\/p>\n<p>            La Sunday<\/p>\n<p>            Quoi ? <\/p>\n<p>Journ\u00e9e d\u00e9tente et danse<\/p>\n<p>                Quand ?<\/p>\n<p>Le dimanche 23 novembre, de 11h \u00e0 22h<\/p>\n<p>            o\u00f9 ?<\/p>\n<p>Studios du Rhin, 2 rue du Rhin-Napol\u00e9on, Strasbourg<\/p>\n<p>                Plus d&rsquo;infos ?<\/p>\n<p><a href=\"https:\/\/www.facebook.com\/events\/1379785807008090?active_tab=about\" target=\"_blank\" rel=\"noopener\">Page Facebook de l\u2019\u00e9v\u00e9nement<\/a><br \/><a href=\"https:\/\/www.instagram.com\/studiosdurhin\/?hl=fr\" target=\"_blank\" rel=\"noopener\">Page Instagram des Studios du Rhin<\/a><br \/><a href=\"https:\/\/my.weezevent.com\/la-sunday\" target=\"_blank\" rel=\"noopener\">R\u00e9servations en ligne<\/a><\/p>\n<p>Contact : <a href=\"https:\/\/pokaa.fr\/cdn-cgi\/l\/email-protection\" class=\"__cf_email__\" data-cfemail=\"fc9f9392889d9f88bc8f88899895938f98898e949592d29989\" target=\"_blank\" rel=\"noopener\">[email\u00a0protected]<\/a><\/p>\n<p>Entr\u00e9e libre jusqu\u2019\u00e0 16h30, 5\u20ac ensuite.<\/p>\n<p>Cours de Yoga 15\u20ac (sur r\u00e9servation)<br class=\"html-br\"\/>Soins\/massages 35\u20ac\/30min (sur r\u00e9servation)<\/p>\n<p>                <img width=\"702\" height=\"500\" src=\"https:\/\/www.europesays.com\/fr\/wp-content\/uploads\/2025\/11\/studios-du-rhin-4-702x500.png\" class=\"attachment-gallery size-gallery\" alt=\"Studios du Rhin (4)\" data-full-url=\"https:\/\/pokaa.fr\/wp-content\/uploads\/2025\/11\/09\/studios-du-rhin-4.png\" decoding=\"async\" loading=\"lazy\"  \/>            <\/p>\n<p>                <img width=\"714\" height=\"500\" src=\"https:\/\/www.europesays.com\/fr\/wp-content\/uploads\/2025\/11\/studios-du-rhin-5-714x500.png\" class=\"attachment-gallery size-gallery\" alt=\"Studios du Rhin (5)\" data-full-url=\"https:\/\/pokaa.fr\/wp-content\/uploads\/2025\/11\/09\/studios-du-rhin-5.png\" decoding=\"async\" loading=\"lazy\"  \/>            <\/p>\n<p>                    \u00a9 Studios du Rhin \/ Captures d&rsquo;\u00e9cran<\/p>\n<p>    <img width=\"800\" height=\"510\" src=\"https:\/\/www.europesays.com\/fr\/wp-content\/uploads\/2025\/11\/studios-du-rhin-1-800x510.png\" class=\"attachment-image-size-L size-image-size-L\" alt=\"Studios du Rhin (1)\" decoding=\"async\" loading=\"lazy\"  \/>         \u00a9 Studios du Rhin \/ Capture d&rsquo;\u00e9cran <\/p>\n<p><script async src=\"\/\/www.instagram.com\/embed.js\"><\/script><\/p>\n","protected":false},"excerpt":{"rendered":"Accueil \/ Sorties \/ Cocooning et clubbing : \u00e0 Strasbourg, les Studios du Rhin imaginent le \u00ab\u00a0dimanche parfait&hellip;\n","protected":false},"author":2,"featured_media":527841,"comment_status":"","ping_status":"","sticky":false,"template":"","format":"standard","meta":{"footnotes":""},"categories":[2820],"tags":[1111,11,32832,6664,1777,674,1011,27,775,12,25,640,23829,4993],"class_list":{"0":"post-527840","1":"post","2":"type-post","3":"status-publish","4":"format-standard","5":"has-post-thumbnail","7":"category-strasbourg","8":"tag-actu","9":"tag-actualites","10":"tag-clubbing","11":"tag-dimanche","12":"tag-eu","13":"tag-europe","14":"tag-fr","15":"tag-france","16":"tag-grand-est","17":"tag-news","18":"tag-republique-francaise","19":"tag-strasbourg","20":"tag-studios-du-rhin","21":"tag-yoga"},"share_on_mastodon":{"url":"https:\/\/pubeurope.com\/@fr\/115532879151644504","error":""},"_links":{"self":[{"href":"https:\/\/www.europesays.com\/fr\/wp-json\/wp\/v2\/posts\/527840","targetHints":{"allow":["GET"]}}],"collection":[{"href":"https:\/\/www.europesays.com\/fr\/wp-json\/wp\/v2\/posts"}],"about":[{"href":"https:\/\/www.europesays.com\/fr\/wp-json\/wp\/v2\/types\/post"}],"author":[{"embeddable":true,"href":"https:\/\/www.europesays.com\/fr\/wp-json\/wp\/v2\/users\/2"}],"replies":[{"embeddable":true,"href":"https:\/\/www.europesays.com\/fr\/wp-json\/wp\/v2\/comments?post=527840"}],"version-history":[{"count":0,"href":"https:\/\/www.europesays.com\/fr\/wp-json\/wp\/v2\/posts\/527840\/revisions"}],"wp:featuredmedia":[{"embeddable":true,"href":"https:\/\/www.europesays.com\/fr\/wp-json\/wp\/v2\/media\/527841"}],"wp:attachment":[{"href":"https:\/\/www.europesays.com\/fr\/wp-json\/wp\/v2\/media?parent=527840"}],"wp:term":[{"taxonomy":"category","embeddable":true,"href":"https:\/\/www.europesays.com\/fr\/wp-json\/wp\/v2\/categories?post=527840"},{"taxonomy":"post_tag","embeddable":true,"href":"https:\/\/www.europesays.com\/fr\/wp-json\/wp\/v2\/tags?post=527840"}],"curies":[{"name":"wp","href":"https:\/\/api.w.org\/{rel}","templated":true}]}}