{"id":527848,"date":"2025-11-11T20:12:44","date_gmt":"2025-11-11T20:12:44","guid":{"rendered":"https:\/\/www.europesays.com\/fr\/527848\/"},"modified":"2025-11-11T20:12:44","modified_gmt":"2025-11-11T20:12:44","slug":"son-travail-salue-par-le-public-lartiste-peintre-nelly-simon-invitee-dhonneur-du-salon","status":"publish","type":"post","link":"https:\/\/www.europesays.com\/fr\/527848\/","title":{"rendered":"Son travail salu\u00e9 par le public, l\u2019artiste peintre Nelly Simon invit\u00e9e d\u2019honneur du Salon"},"content":{"rendered":"<p>L\u2019ann\u00e9e derni\u00e8re, Nelly Simon, peintre autodidacte, gagnait le <a href=\"https:\/\/nantes.maville.com\/pays-de-la-loire\/loire-atlantique\/sainte-luce-sur-loire\/lartiste-peintre-nelly-simon-remporte-le-prix-du-public-fce32b48-6501-4df7-bb12-ec01576f34c9\" target=\"_self\" rel=\"noopener\">prix du public du Salon d\u2019art<\/a>. Aujourd\u2019hui, elle est l\u2019invit\u00e9e d\u2019honneur de la troisi\u00e8me \u00e9dition qui se tiendra \u00e0 la salle Ren\u00e9e-Losq, du vendredi\u00a014 au dimanche 16\u00a0novembre.<\/p>\n<p>Originaire de Nantes, elle a pass\u00e9 son enfance en r\u00e9gion parisienne et est revenue \u00e0 Carquefou en &#8230;<\/p>\n<p>\u00a0<\/p>\n","protected":false},"excerpt":{"rendered":"L\u2019ann\u00e9e derni\u00e8re, Nelly Simon, peintre autodidacte, gagnait le prix du public du Salon d\u2019art. Aujourd\u2019hui, elle est l\u2019invit\u00e9e&hellip;\n","protected":false},"author":2,"featured_media":527849,"comment_status":"","ping_status":"","sticky":false,"template":"","format":"standard","meta":{"footnotes":""},"categories":[2818],"tags":[1111,11,3734,2593,1777,674,1011,27,14472,6591,766,16493,12,2636,17258,3532,25,3272,5974,6290,39938,1679,3847],"class_list":{"0":"post-527848","1":"post","2":"type-post","3":"status-publish","4":"format-standard","5":"has-post-thumbnail","7":"category-nantes","8":"tag-actu","9":"tag-actualites","10":"tag-art","11":"tag-artiste","12":"tag-eu","13":"tag-europe","14":"tag-fr","15":"tag-france","16":"tag-honneur","17":"tag-invitee","18":"tag-nantes","19":"tag-nelly","20":"tag-news","21":"tag-pays-de-la-loire","22":"tag-peintre","23":"tag-public","24":"tag-republique-francaise","25":"tag-saint-nazaire","26":"tag-sainte-luce-sur-loire","27":"tag-salon","28":"tag-salue","29":"tag-simon","30":"tag-travail"},"share_on_mastodon":{"url":"https:\/\/pubeurope.com\/@fr\/115532893093535425","error":""},"_links":{"self":[{"href":"https:\/\/www.europesays.com\/fr\/wp-json\/wp\/v2\/posts\/527848","targetHints":{"allow":["GET"]}}],"collection":[{"href":"https:\/\/www.europesays.com\/fr\/wp-json\/wp\/v2\/posts"}],"about":[{"href":"https:\/\/www.europesays.com\/fr\/wp-json\/wp\/v2\/types\/post"}],"author":[{"embeddable":true,"href":"https:\/\/www.europesays.com\/fr\/wp-json\/wp\/v2\/users\/2"}],"replies":[{"embeddable":true,"href":"https:\/\/www.europesays.com\/fr\/wp-json\/wp\/v2\/comments?post=527848"}],"version-history":[{"count":0,"href":"https:\/\/www.europesays.com\/fr\/wp-json\/wp\/v2\/posts\/527848\/revisions"}],"wp:featuredmedia":[{"embeddable":true,"href":"https:\/\/www.europesays.com\/fr\/wp-json\/wp\/v2\/media\/527849"}],"wp:attachment":[{"href":"https:\/\/www.europesays.com\/fr\/wp-json\/wp\/v2\/media?parent=527848"}],"wp:term":[{"taxonomy":"category","embeddable":true,"href":"https:\/\/www.europesays.com\/fr\/wp-json\/wp\/v2\/categories?post=527848"},{"taxonomy":"post_tag","embeddable":true,"href":"https:\/\/www.europesays.com\/fr\/wp-json\/wp\/v2\/tags?post=527848"}],"curies":[{"name":"wp","href":"https:\/\/api.w.org\/{rel}","templated":true}]}}