{"id":527858,"date":"2025-11-11T20:17:19","date_gmt":"2025-11-11T20:17:19","guid":{"rendered":"https:\/\/www.europesays.com\/fr\/527858\/"},"modified":"2025-11-11T20:17:19","modified_gmt":"2025-11-11T20:17:19","slug":"toulouse-en-partie-bunkerisee-avec-la-venue-demmanuel-macron","status":"publish","type":"post","link":"https:\/\/www.europesays.com\/fr\/527858\/","title":{"rendered":"Toulouse en partie bunk\u00e9ris\u00e9e avec la venue d&rsquo;Emmanuel Macron"},"content":{"rendered":"<p>            Par<br \/>\n        <strong><br \/>\n            <a href=\"https:\/\/actu.fr\/auteur\/david-saint-sernin\" title=\"Consulter tous les articles de David Saint-Sernin\" rel=\"nofollow noopener\" target=\"_blank\">David Saint-Sernin<\/a><br \/>\n        <\/strong><\/p>\n<p>        Publi\u00e9 le<\/p>\n<p>            11 nov. 2025 \u00e0 21h03        <\/p>\n<p>Mercredi 12 novembre 2025, <a href=\"https:\/\/actu.fr\/occitanie\/toulouse_31555\/le-president-de-la-republique-emmanuel-macron-sera-a-toulouse-la-semaine-prochaine-voici-son-programme_63410022.html\" rel=\"nofollow noopener\" target=\"_blank\">Emmanuel Macron se d\u00e9place \u00e0 Toulouse pour une visite officielle.<\/a> A son programme, deux rendez-vous officiels sont \u00e0 son programme\u2009: \u00e0 11h, il est attendu au si\u00e8ge de La D\u00e9p\u00eache du Midi pour des tables rondes sur la th\u00e9matique de \u00ab\u2009la d\u00e9mocratie \u00e0 l\u2019\u00e9preuve des r\u00e9seaux sociaux et des algorithmes\u2009\u00bb. Il y rencontrera des experts et des lecteurs du quotidien r\u00e9gional. Puis, en d\u00e9but d\u2019apr\u00e8s-midi, il se rendra <a href=\"https:\/\/actu.fr\/occitanie\/toulouse_31555\/toulouse-c-est-quoi-le-commandement-de-l-espace-qu-emmanuel-macron-vient-inaugurer-mercredi_63417500.html\" rel=\"nofollow noopener\" target=\"_blank\">au Centre du Commandement de l\u2019air et de l\u2019espace<\/a> o\u00f9 il \u00e9voquera la Strat\u00e9gie Nationale Spatiale fran\u00e7aise \u00e0 horizon 2040. Entre les deux, il pourrait rencontrer<a href=\"https:\/\/actu.fr\/occitanie\/toulouse_31555\/tracteurs-sur-le-peripherique-rassemblement-comment-les-agriculteurs-veulent-accueillir-macron-a-toulouse_63421402.html\" rel=\"nofollow noopener\" target=\"_blank\"> les agriculteurs qui ont pr\u00e9vu de converger \u00e0 Toulouse<\/a> pour exprimer leur col\u00e8re par rapport \u00e0 la situation actuelle du monde agricole.<\/p>\n<p>Toulouse en partie bunk\u00e9ris\u00e9e comme en 2021<\/p>\n<p class=\" wall-content\">Comme en mars 2021, <a href=\"https:\/\/actu.fr\/occitanie\/toulouse_31555\/cnes-legion-etrangere-ce-que-vient-faire-emmanuel-macron-a-toulouse-et-en-occitanie-vendredi_40108277.html\" rel=\"nofollow noopener\" target=\"_blank\">lors d\u2019une visite du pr\u00e9sident au CNES<\/a>, une partie de Toulouse <a href=\"https:\/\/actu.fr\/societe\/toulouse-comment-la-venue-d-emmanuel-macron-a-bunkerise-le-sud-est-de-la-ville-vendredi-matin_40176635.html\" rel=\"nofollow noopener\" target=\"_blank\">va \u00eatre bunk\u00e9ris\u00e9e<\/a> ce mercredi. Emmanuel Macron \u00e9tant attendu au si\u00e8ge de la D\u00e9p\u00eache du Midi en fin de matin\u00e9e, c\u2019est le sud-est de Toulouse qui va d\u2019abord \u00eatre concern\u00e9 par un \u00e9norme p\u00e9rim\u00e8tre de s\u00e9curit\u00e9. C\u2019est ensuite le secteur Montaudran-Rangueil qui sera concern\u00e9.<\/p>\n<p class=\" wall-content\">Ce mardi soir, la pr\u00e9fecture de Haute-Garonne a d\u00e9voil\u00e9 le dispositif mis en place pour assurer la s\u00e9curit\u00e9 du chef de l\u2019Etat.\u00a0<\/p>\n<p>Les manifestations non d\u00e9clar\u00e9es interdites<\/p>\n<p class=\" wall-content\">Pierre-Andr\u00e9 Durand, le pr\u00e9fet de la Haute-Garonne, a d\u00e9cid\u00e9 d\u2019interdire toute manifestation et rassemblement revendicatif non d\u00e9clar\u00e9, mercredi 12 novembre 2025, de 07h \u00e0 19h, \u00e0 Toulouse, dans deux p\u00e9rim\u00e8tres d\u00e9limit\u00e9s par les voies suivantes, celles-y \u00e9tant incluses\u00a0 :<\/p>\n<ul class=\" wall-content\">\n<li><strong>Secteur Mirail :<\/strong> Avenue de Lardenne, Chemin Ferrolebres, Chemin de Mazaygues,<br \/>chemin du Marin, rue du Pr Gaston Dupouy, chemin des Pradettes, route de St<br \/>Simon, rond-point Louis Izar, Avenue Louis Bazeerque, Rond-point C\u00e9pi\u00e8re, rue<br \/>Charles Mouly, chemin des courses, Avenue de Lardenne.<\/li>\n<li><strong>Secteur Sud :<\/strong> Rue Andr\u00e9 Villet, Rue Tarfaya, Av Edouard Belin, Av Colonel Roche,<br \/>Cour Rosalind Francklin, Av Flora Tristan, D813, Route de Narbonne, Avenue de<br \/>Karben, Pont de Zuera, Chemin de Halage, Chemin de Mange Pomme, A61, rue<br \/>Andr\u00e9 Villet.<\/li>\n<\/ul>\n<p class=\" wall-content\">\n    <img   decoding=\"async\" loading=\"lazy\" src=\"https:\/\/www.europesays.com\/fr\/wp-content\/uploads\/2025\/11\/capture-decran-2025-11-11-205709-960x640.png\" alt=\"Le p\u00e9rim\u00e8tre de s\u00e9curit\u00e9 instaur\u00e9 autour du si\u00e8ge de La D\u00e9p\u00eache du Midi, situ\u00e9 quartier des Pradettes \u00e0 Toulouse.\" width=\"960\" height=\"640\"\/><br \/>\n    Le p\u00e9rim\u00e8tre de s\u00e9curit\u00e9 instaur\u00e9 autour du si\u00e8ge de La D\u00e9p\u00eache du Midi, situ\u00e9 quartier des Pradettes \u00e0 Toulouse. (\u00a9Pr\u00e9fecture de Haute-Garonne)<br \/>\n    <img   decoding=\"async\" loading=\"lazy\" src=\"https:\/\/www.europesays.com\/fr\/wp-content\/uploads\/2025\/11\/capture-decran-2025-11-11-205732-960x640.png\" alt=\"Le p\u00e9rim\u00e8tre de s\u00e9curit\u00e9 instaur\u00e9 autour du centre de commendement de l'Espace.\" width=\"960\" height=\"640\"\/><br \/>\n    Le p\u00e9rim\u00e8tre de s\u00e9curit\u00e9 instaur\u00e9 autour du centre de commendement de l\u2019Espace. (\u00a9Pr\u00e9fecture de Haute-Garonne)<\/p>\n<p>Des interdictions multiples \u00e0 Toulouse et Ramonville<\/p>\n<p class=\" wall-content\">Par ailleurs, le pr\u00e9fet a annonc\u00e9 interdire, le mercredi 12 novembre 2025, de 07h \u00e0 19h, sur le territoire des communes de Toulouse et de Ramonville-Saint-Agne :<\/p>\n<p>Vid\u00e9os : en ce moment sur Actu<\/p>\n<ul class=\" wall-content\">\n<li>le port et le transport, sans motif l\u00e9gitime, d\u2019armes de chasse, de munitions et<br \/>d\u2019objets pouvant constituer une arme au sens de l\u2019article 132-75 du code p\u00e9nal ;<\/li>\n<li>la cession, la vente, le transport et l\u2019utilisation de produits dangereux,<br \/>inflammables ou chimiques, de produits explosifs, d\u2019artifices de divertissement,<br \/>de fumig\u00e8nes et de p\u00e9tards de toutes cat\u00e9gories, sauf motif professionnel ;<\/li>\n<li>l\u2019achat et la vente au d\u00e9tail, l\u2019enl\u00e8vement ou le transport de tout carburant, par<br \/>jerricans, cubitainers, bidons, flacons ou r\u00e9cipients divers, \u00e0 l\u2019exception des<br \/>produits sp\u00e9cifiquement destin\u00e9s \u00e0 l\u2019alimentation d\u2019appareils de chauffage<br \/>individuels.<\/li>\n<\/ul>\n<p>Des contr\u00f4les al\u00e9atoires<\/p>\n<p class=\" wall-content\">\u00ab\u00a0Des contr\u00f4les al\u00e9atoires seront organis\u00e9s et multipli\u00e9s pendant cette p\u00e9riode par les services de police et de gendarmerie\u00a0\u00bb, annonce la pr\u00e9fecture.<\/p>\n<p>Votre r\u00e9gion, votre actu !<\/p>\n<p>Recevez chaque jour les infos qui comptent pour vous.<\/p>\n<p>\t<a href=\"https:\/\/actu.fr\/newsletter\" class=\"ac-btn ac-btn--corner ac-btn--medium ac-btn--blue800\" rel=\"nofollow noopener\" target=\"_blank\">S&rsquo;incrire<\/a><\/p>\n<p class=\" wall-content\">Dans ces vastes p\u00e9rim\u00e8tres de plusieurs km2 quadrill\u00e9s d\u00e8s le d\u00e9but de journ\u00e9e par les forces de l\u2019ordre, l\u2019on peut estimer que plusieurs centaines de gendarmes et de policiers vont \u00eatre mobilis\u00e9s.<\/p>\n<p>Des ronds-points bien gard\u00e9s<\/p>\n<p class=\" wall-content\">Des forces de l\u2019ordre qui seront post\u00e9es sur les ronds-points (et ils sont nombreux) situ\u00e9s autour du si\u00e8ge de La D\u00e9p\u00eache, dans le quartier du Mirail et des Pradettes. Un si\u00e8ge de la D\u00e9p\u00eache qui sera plac\u00e9 sous haute surveillance.<\/p>\n<p class=\" wall-content\">Ces m\u00eames policiers et gendarmes seront \u00e9galement positionn\u00e9s, rapproch\u00e9s les uns des autres, pour surveiller les all\u00e9es et venues autour du centre de commandement de l\u2019Espace ce qui promet de nombreuses perturbations dans le secteur toute la journ\u00e9e.\u00a0\u00a0<\/p>\n<p class=\" wall-content\">En 2021, certaines bretelles du p\u00e9riph\u00e9rique avaient \u00e9t\u00e9 filtr\u00e9es ce qui aviat occasionn\u00e9 des bouchons.<\/p>\n<p class=\" wall-content\">Personnalisez votre actualit\u00e9 en ajoutant vos villes et m\u00e9dias en favori avec <a href=\"https:\/\/moncompte.actu.fr\" title=\"D\u00e9couvez Mon Actu\" rel=\"nofollow noopener\" data-trk=\"{&quot;cta&quot;:{&quot;action&quot;:&quot;https:\\\/\\\/moncompte.actu.fr&quot;,&quot;category&quot;:&quot;mon compte&quot;,&quot;from&quot;:&quot;article footer&quot;,&quot;name&quot;:&quot;Mon actu&quot;,&quot;type&quot;:&quot;cta&quot;}}\" target=\"_blank\">Mon Actu<\/a>.<\/p>\n","protected":false},"excerpt":{"rendered":"Par David Saint-Sernin Publi\u00e9 le 11 nov. 2025 \u00e0 21h03 Mercredi 12 novembre 2025, Emmanuel Macron se d\u00e9place&hellip;\n","protected":false},"author":2,"featured_media":527859,"comment_status":"","ping_status":"","sticky":false,"template":"","format":"standard","meta":{"footnotes":""},"categories":[2816],"tags":[1111,11,1777,674,1011,27,12,2680,25,104,2312],"class_list":{"0":"post-527858","1":"post","2":"type-post","3":"status-publish","4":"format-standard","5":"has-post-thumbnail","7":"category-toulouse","8":"tag-actu","9":"tag-actualites","10":"tag-eu","11":"tag-europe","12":"tag-fr","13":"tag-france","14":"tag-news","15":"tag-occitanie","16":"tag-republique-francaise","17":"tag-societe","18":"tag-toulouse"},"share_on_mastodon":{"url":"https:\/\/pubeurope.com\/@fr\/115532913697114026","error":""},"_links":{"self":[{"href":"https:\/\/www.europesays.com\/fr\/wp-json\/wp\/v2\/posts\/527858","targetHints":{"allow":["GET"]}}],"collection":[{"href":"https:\/\/www.europesays.com\/fr\/wp-json\/wp\/v2\/posts"}],"about":[{"href":"https:\/\/www.europesays.com\/fr\/wp-json\/wp\/v2\/types\/post"}],"author":[{"embeddable":true,"href":"https:\/\/www.europesays.com\/fr\/wp-json\/wp\/v2\/users\/2"}],"replies":[{"embeddable":true,"href":"https:\/\/www.europesays.com\/fr\/wp-json\/wp\/v2\/comments?post=527858"}],"version-history":[{"count":0,"href":"https:\/\/www.europesays.com\/fr\/wp-json\/wp\/v2\/posts\/527858\/revisions"}],"wp:featuredmedia":[{"embeddable":true,"href":"https:\/\/www.europesays.com\/fr\/wp-json\/wp\/v2\/media\/527859"}],"wp:attachment":[{"href":"https:\/\/www.europesays.com\/fr\/wp-json\/wp\/v2\/media?parent=527858"}],"wp:term":[{"taxonomy":"category","embeddable":true,"href":"https:\/\/www.europesays.com\/fr\/wp-json\/wp\/v2\/categories?post=527858"},{"taxonomy":"post_tag","embeddable":true,"href":"https:\/\/www.europesays.com\/fr\/wp-json\/wp\/v2\/tags?post=527858"}],"curies":[{"name":"wp","href":"https:\/\/api.w.org\/{rel}","templated":true}]}}