{"id":527863,"date":"2025-11-11T20:21:21","date_gmt":"2025-11-11T20:21:21","guid":{"rendered":"https:\/\/www.europesays.com\/fr\/527863\/"},"modified":"2025-11-11T20:21:21","modified_gmt":"2025-11-11T20:21:21","slug":"jetais-taille-pour-jouer-a-marseille-les-regrets-de-gerard-buscher-apres-son-depart-du-brest-armorique-en-1987","status":"publish","type":"post","link":"https:\/\/www.europesays.com\/fr\/527863\/","title":{"rendered":"\u00ab\u00a0J\u2019\u00e9tais taill\u00e9 pour jouer \u00e0 Marseille\u00a0\u00bb\u00a0: les regrets de G\u00e9rard Buscher apr\u00e8s son d\u00e9part du Brest Armorique en 1987"},"content":{"rendered":"<p>Auteur de 64 buts en 147 matchs sous le maillot du Brest Armorique, G\u00e9rard Buscher est entr\u00e9 dans l\u2019histoire du club finist\u00e9rien, <a href=\"https:\/\/www.letelegramme.fr\/sports\/football\/stade-brestois\/de-la-relegation-a-la-liquidation-recit-de-la-descente-aux-enfers-du-brest-armorique-204660.php\" target=\"_blank\" rel=\"noopener\">l\u2019anc\u00eatre du Stade Brestois<\/a>. L\u2019ancien attaquant, pass\u00e9 \u00e0 Brest de 1984 \u00e0 1987 puis lors de la saison 1989-1990, a \u00e9voqu\u00e9 ses souvenirs de carri\u00e8re, dans une large interview <a href=\"https:\/\/www.letelegramme.fr\/sports\/football\/souviens-toi-gerard-buscher-wallace-avait-debarque-a-francis-le-ble-avec-ses-clubs-de-golf-6925891.php\" target=\"_blank\" rel=\"noopener\">accord\u00e9e au T\u00e9l\u00e9gramme<\/a>.<\/p>\n<p>Il y raconte notamment la premi\u00e8re fois o\u00f9 l\u2019Anglais Ian Wallace \u00e9tait arriv\u00e9 au stade Francis-Le Bl\u00e9 : \u00ab Lui, c\u2019\u00e9tait un fou. La premi\u00e8re fois qu\u2019il vient \u00e0 l\u2019entra\u00eenement \u00e0 Francis-Le Bl\u00e9, il apporte ses clubs de golf. Il commence \u00e0 mettre des balles au milieu du terrain et avec son club, il frappait au-dessus des tribunes. Je lui ai dit \u2018\u2018mais tu sais que derri\u00e8re, il y a des gens, t\u2019es un malade\u2019\u2019. Pour lui, c\u2019\u00e9tait normal ! \u00bb.<\/p>\n<p>\u00ab Des bourges qui se la p\u00e9taient \u00bb<\/p>\n<p>Buscher y exprime aussi son plus grand regret, apr\u00e8s avoir quitt\u00e9 Brest, en 1987. \u00c0 l\u2019\u00e9poque, il s\u2019engage au Matra Racing, o\u00f9 il retrouve Pascal Olmeta, Maxime Bossis, Luis Fernandez ou encore Enzo Francescoli, entra\u00een\u00e9s alors par le Portugais Artur Jorge. \u00ab Je pars de Brest en 1987 car il y avait des grands clubs qui me demandaient. Mais aussi parce que Brest \u00e9tait en difficult\u00e9 financi\u00e8rement. Je suis parti au Matra Racing et \u00e7a a renflou\u00e9 les caisses \u00bb, se souvient-il.<\/p>\n<p><img decoding=\"async\" src=\"https:\/\/www.europesays.com\/fr\/wp-content\/uploads\/2025\/11\/69134f5b9b30d4fda20193be.1.jpeg\" width=\"480\" height=\"300\" class=\"web_golden_m\" loading=\"lazy\" alt=\"Patrick Coll\u00e9ter (Brest) et G\u00e9rard Buscher, alors au Matra Racing la saison suivante.\"\/>Patrick Coll\u00e9ter (Brest) et G\u00e9rard Buscher, alors au Matra Racing la saison suivante. (Photo d\u2019archives Le T\u00e9l\u00e9gramme)<\/p>\n<p>Un choix de carri\u00e8re qu\u2019il regrette, avec le recul : \u00ab Je regrette d\u2019\u00eatre all\u00e9 au Matra. Je suis retomb\u00e9 dans l\u2019ambiance de l\u2019\u00e9quipe nationale. C\u2019\u00e9taient des bourges, qui se la p\u00e9taient ! \u00bb<\/p>\n<p>Aujourd\u2019hui, G\u00e9rard Buscher confie avoir \u00e9t\u00e9 approch\u00e9 pour se rendre dans un autre club, l\u2019OM, une destination qu\u2019il aurait bien plus appr\u00e9ci\u00e9e : \u00ab Bernard Tapie me voulait. J\u2019\u00e9tais taill\u00e9 pour y jouer, vu mon caract\u00e8re et mon talent. \u00bb Nul ne le saura jamais, puisqu\u2019apr\u00e8s cette aventure de saisons (45 matchs, 6 buts), dont un pr\u00eat \u00e0 Montpellier, G\u00e9rard Buscher est retourn\u00e9 \u00e0 Brest (1989-1990), puis a poursuivi sa carri\u00e8re \u00e0 Valenciennes (1990-1992) et de la finir \u00e0 Nice (1992-1994).<\/p>\n","protected":false},"excerpt":{"rendered":"Auteur de 64 buts en 147 matchs sous le maillot du Brest Armorique, G\u00e9rard Buscher est entr\u00e9 dans&hellip;\n","protected":false},"author":2,"featured_media":527864,"comment_status":"","ping_status":"","sticky":false,"template":"","format":"standard","meta":{"footnotes":""},"categories":[2814],"tags":[1111,11,3450,1777,674,63,1011,27,66,884,12,882,25,60,4449],"class_list":{"0":"post-527863","1":"post","2":"type-post","3":"status-publish","4":"format-standard","5":"has-post-thumbnail","7":"category-marseille","8":"tag-actu","9":"tag-actualites","10":"tag-brest","11":"tag-eu","12":"tag-europe","13":"tag-football","14":"tag-fr","15":"tag-france","16":"tag-ligue-1","17":"tag-marseille","18":"tag-news","19":"tag-provence-alpes-cote-dazur","20":"tag-republique-francaise","21":"tag-sports","22":"tag-stade-brestois"},"share_on_mastodon":{"url":"https:\/\/pubeurope.com\/@fr\/115532929306342922","error":""},"_links":{"self":[{"href":"https:\/\/www.europesays.com\/fr\/wp-json\/wp\/v2\/posts\/527863","targetHints":{"allow":["GET"]}}],"collection":[{"href":"https:\/\/www.europesays.com\/fr\/wp-json\/wp\/v2\/posts"}],"about":[{"href":"https:\/\/www.europesays.com\/fr\/wp-json\/wp\/v2\/types\/post"}],"author":[{"embeddable":true,"href":"https:\/\/www.europesays.com\/fr\/wp-json\/wp\/v2\/users\/2"}],"replies":[{"embeddable":true,"href":"https:\/\/www.europesays.com\/fr\/wp-json\/wp\/v2\/comments?post=527863"}],"version-history":[{"count":0,"href":"https:\/\/www.europesays.com\/fr\/wp-json\/wp\/v2\/posts\/527863\/revisions"}],"wp:featuredmedia":[{"embeddable":true,"href":"https:\/\/www.europesays.com\/fr\/wp-json\/wp\/v2\/media\/527864"}],"wp:attachment":[{"href":"https:\/\/www.europesays.com\/fr\/wp-json\/wp\/v2\/media?parent=527863"}],"wp:term":[{"taxonomy":"category","embeddable":true,"href":"https:\/\/www.europesays.com\/fr\/wp-json\/wp\/v2\/categories?post=527863"},{"taxonomy":"post_tag","embeddable":true,"href":"https:\/\/www.europesays.com\/fr\/wp-json\/wp\/v2\/tags?post=527863"}],"curies":[{"name":"wp","href":"https:\/\/api.w.org\/{rel}","templated":true}]}}