{"id":527865,"date":"2025-11-11T20:22:14","date_gmt":"2025-11-11T20:22:14","guid":{"rendered":"https:\/\/www.europesays.com\/fr\/527865\/"},"modified":"2025-11-11T20:22:14","modified_gmt":"2025-11-11T20:22:14","slug":"rhone-une-motarde-grievement-blessee-et-heliportee-a-lyon-apres-un-accident-avec-deux-voitures","status":"publish","type":"post","link":"https:\/\/www.europesays.com\/fr\/527865\/","title":{"rendered":"Rh\u00f4ne. Une motarde gri\u00e8vement bless\u00e9e et h\u00e9liport\u00e9e \u00e0 Lyon apr\u00e8s un accident avec deux voitures"},"content":{"rendered":"<p>Il \u00e9tait environ 17\u00a0h\u00a040, ce mardi, quand les sapeurs-pompiers du Rh\u00f4ne sont intervenus sur la D385 sur la commune de L\u00e9gny. Pour des raisons qui restent encore \u00e0 d\u00e9terminer, une moto et deux voitures sont rentr\u00e9es en collision.<\/p>\n<p>Ce contenu est bloqu\u00e9 car vous n&rsquo;avez pas accept\u00e9 les cookies et autres traceurs.<\/p>\n<p>En cliquant sur \u00ab J\u2019accepte \u00bb, les cookies et autres traceurs seront d\u00e9pos\u00e9s et vous pourrez visualiser les contenus  (<a href=\"\" class=\"consentModule_policy\" target=\"_blank\" title=\"Consulter la politique de protection des donn\u00e9es du fournisseur\">plus d&rsquo;informations<\/a>).<\/p>\n<p>En cliquant sur \u00ab J\u2019accepte tous les cookies \u00bb, vous autorisez des d\u00e9p\u00f4ts de cookies et autres traceurs pour le stockage de vos donn\u00e9es sur nos sites et applications \u00e0 des fins de personnalisation et de ciblage publicitaire.<\/p>\n<p class=\"consentModule_secondaryText\">Vous gardez la possibilit\u00e9 de retirer votre consentement \u00e0 tout moment en consultant notre <a href=\"https:\/\/www.leprogres.fr\/protection-des-donnees\" target=\"_blank\" title=\"Consulter notre politique de protection des donn\u00e9es\" rel=\"noopener\">politique de protection des donn\u00e9es<\/a>. <br \/>&#13;<br \/>\n            <a href=\"https:\/\/www.leprogres.fr\/faits-divers-justice\/2025\/11\/11\/javascript:Didomi.notice.show()\" class=\"consentModule_cmp\" target=\"_blank\" rel=\"noopener\">G\u00e9rer mes choix<\/a>&#13;\n        <\/p>\n<p>&#13;<br \/>\n                        J&rsquo;accepte&#13;<br \/>\n            J&rsquo;accepte tous les cookies&#13;\n        <\/p>\n<p>Rapidement sur place, ils ont pu constater la violence du choc. La motarde, en urgence absolue, a \u00e9t\u00e9 h\u00e9liport\u00e9e \u00e0 l\u2019h\u00f4pital Lyon Sud. Elle est gravement bless\u00e9e aux membres inf\u00e9rieurs mais son pronostic vital n\u2019est pas engag\u00e9. Trois personnes pr\u00e9sentes dans les autres v\u00e9hicules, plus l\u00e9g\u00e8rement bless\u00e9es, ont \u00e9t\u00e9 transport\u00e9es vers des h\u00f4pitaux du secteur. Deux autres, indemnes, n\u2019ont pas n\u00e9cessit\u00e9 de soin particulier.<\/p>\n<p>La route a \u00e9t\u00e9 coup\u00e9e le temps de l\u2019intervention. Une d\u00e9viation a \u00e9t\u00e9 mise en place via la commune de Val-d\u2019Oingt. La circulation a pu reprendre peu avant 19\u00a0h\u00a030.<\/p>\n","protected":false},"excerpt":{"rendered":"Il \u00e9tait environ 17\u00a0h\u00a040, ce mardi, quand les sapeurs-pompiers du Rh\u00f4ne sont intervenus sur la D385 sur la&hellip;\n","protected":false},"author":2,"featured_media":527866,"comment_status":"","ping_status":"","sticky":false,"template":"","format":"standard","meta":{"footnotes":""},"categories":[1889],"tags":[119,1111,11,2430,3156,1777,674,274,107,1011,27,64707,2428,12,25,2429,41743],"class_list":{"0":"post-527865","1":"post","2":"type-post","3":"status-publish","4":"format-standard","5":"has-post-thumbnail","7":"category-lyon","8":"tag-accident","9":"tag-actu","10":"tag-actualites","11":"tag-auvergne-rhone-alpes","12":"tag-edition-villefranche","13":"tag-eu","14":"tag-europe","15":"tag-faits-divers-justice","16":"tag-fil-info","17":"tag-fr","18":"tag-france","19":"tag-legny","20":"tag-lyon","21":"tag-news","22":"tag-republique-francaise","23":"tag-rhone","24":"tag-val-doingt-bassin"},"share_on_mastodon":{"url":"https:\/\/pubeurope.com\/@fr\/115532932497696064","error":""},"_links":{"self":[{"href":"https:\/\/www.europesays.com\/fr\/wp-json\/wp\/v2\/posts\/527865","targetHints":{"allow":["GET"]}}],"collection":[{"href":"https:\/\/www.europesays.com\/fr\/wp-json\/wp\/v2\/posts"}],"about":[{"href":"https:\/\/www.europesays.com\/fr\/wp-json\/wp\/v2\/types\/post"}],"author":[{"embeddable":true,"href":"https:\/\/www.europesays.com\/fr\/wp-json\/wp\/v2\/users\/2"}],"replies":[{"embeddable":true,"href":"https:\/\/www.europesays.com\/fr\/wp-json\/wp\/v2\/comments?post=527865"}],"version-history":[{"count":0,"href":"https:\/\/www.europesays.com\/fr\/wp-json\/wp\/v2\/posts\/527865\/revisions"}],"wp:featuredmedia":[{"embeddable":true,"href":"https:\/\/www.europesays.com\/fr\/wp-json\/wp\/v2\/media\/527866"}],"wp:attachment":[{"href":"https:\/\/www.europesays.com\/fr\/wp-json\/wp\/v2\/media?parent=527865"}],"wp:term":[{"taxonomy":"category","embeddable":true,"href":"https:\/\/www.europesays.com\/fr\/wp-json\/wp\/v2\/categories?post=527865"},{"taxonomy":"post_tag","embeddable":true,"href":"https:\/\/www.europesays.com\/fr\/wp-json\/wp\/v2\/tags?post=527865"}],"curies":[{"name":"wp","href":"https:\/\/api.w.org\/{rel}","templated":true}]}}