{"id":527867,"date":"2025-11-11T20:23:27","date_gmt":"2025-11-11T20:23:27","guid":{"rendered":"https:\/\/www.europesays.com\/fr\/527867\/"},"modified":"2025-11-11T20:23:27","modified_gmt":"2025-11-11T20:23:27","slug":"une-trentaine-de-verbalisations-pour-avoir-tente-de-perturber-la-commemoration-du-11-novembre","status":"publish","type":"post","link":"https:\/\/www.europesays.com\/fr\/527867\/","title":{"rendered":"Une trentaine de verbalisations pour avoir tent\u00e9 de perturber la comm\u00e9moration du 11-Novembre"},"content":{"rendered":"<p>Soup\u00e7onn\u00e9es d\u2019\u00eatre proches de la mouvance d\u2019ultragauche et antimilitariste, une trentaine de personnes ont \u00e9t\u00e9 verbalis\u00e9es mardi \u00e0 <a href=\"https:\/\/www.20minutes.fr\/lyon\/\" class=\"c-link c-link--is-underlined\" target=\"_blank\" rel=\"noopener\">Lyon<\/a>. Elles projetaient d\u2019organiser une manifestation sauvage pour perturber la comm\u00e9moration du <a href=\"https:\/\/www.20minutes.fr\/societe\/11novembre\/\" class=\"c-link c-link--is-underlined\" target=\"_blank\" rel=\"noopener\">11-Novembre<\/a>, a indiqu\u00e9 la pr\u00e9fecture.<\/p>\n<p>Ces 34 personnes ont \u00e9t\u00e9 \u00ab\u00a0intercept\u00e9es\u00a0\u00bb par les policiers \u00ab\u00a0sans incident\u00a0\u00bb avant leur entr\u00e9e dans le parc de la T\u00eate d\u2019Or, o\u00f9 la c\u00e9r\u00e9monie comm\u00e9morative s\u2019est d\u00e9roul\u00e9e en matin\u00e9e, a-t-elle ajout\u00e9 \u00e0 l\u2019AFP. Un dispositif de contr\u00f4le avait \u00e9t\u00e9 renforc\u00e9 pour l\u2019occasion.<\/p>\n<\/p>\n<p>Mouvance d\u2019ultragauche et antimilitariste<\/p>\n<p>Soup\u00e7onn\u00e9es d\u2019\u00eatre \u00ab\u00a0proches de la mouvance d\u2019ultragauche et antimilitariste\u00a0\u00bb, ces personnes ont \u00e9t\u00e9 ensuite \u00ab\u00a0contr\u00f4l\u00e9es puis emmen\u00e9es \u00e0 l\u2019h\u00f4tel de police pour des v\u00e9rifications\u00a0\u00bb avant d\u2019\u00eatre \u00ab\u00a0verbalis\u00e9es pour non-respect d\u2019un arr\u00eat\u00e9 d\u2019interdiction de manifestation\u00a0\u00bb, pris par la pr\u00e9fecture lundi, selon la m\u00eame source.<\/p>\n<p>Dans un communiqu\u00e9, la pr\u00e9f\u00e8te du <a href=\"https:\/\/www.20minutes.fr\/dossier\/rhone\" class=\"c-link c-link--is-underlined\" target=\"_blank\" rel=\"noopener\">Rh\u00f4ne<\/a>, Fabienne Buccio, a condamn\u00e9 \u00ab\u00a0cette action vaine de fragiliser ce qui forge notre coh\u00e9sion nationale\u00a0\u00bb avant de saluer la \u00ab\u00a0mobilisation exemplaire\u00a0\u00bb de la police nationale qui \u00ab\u00a0a permis de d\u00e9jouer cette tentative de perturbation\u00a0\u00bb.<\/p>\n","protected":false},"excerpt":{"rendered":"Soup\u00e7onn\u00e9es d\u2019\u00eatre proches de la mouvance d\u2019ultragauche et antimilitariste, une trentaine de personnes ont \u00e9t\u00e9 verbalis\u00e9es mardi \u00e0&hellip;\n","protected":false},"author":2,"featured_media":527868,"comment_status":"","ping_status":"","sticky":false,"template":"","format":"standard","meta":{"footnotes":""},"categories":[1889],"tags":[1111,47,11,2430,39118,1777,674,118,1011,27,2428,12,25,2429,2431],"class_list":{"0":"post-527867","1":"post","2":"type-post","3":"status-publish","4":"format-standard","5":"has-post-thumbnail","7":"category-lyon","8":"tag-actu","9":"tag-actualite","10":"tag-actualites","11":"tag-auvergne-rhone-alpes","12":"tag-commemoration-du-11-novembre","13":"tag-eu","14":"tag-europe","15":"tag-faits-divers","16":"tag-fr","17":"tag-france","18":"tag-lyon","19":"tag-news","20":"tag-republique-francaise","21":"tag-rhone","22":"tag-rhone-alpes"},"share_on_mastodon":{"url":"https:\/\/pubeurope.com\/@fr\/115532936220310969","error":""},"_links":{"self":[{"href":"https:\/\/www.europesays.com\/fr\/wp-json\/wp\/v2\/posts\/527867","targetHints":{"allow":["GET"]}}],"collection":[{"href":"https:\/\/www.europesays.com\/fr\/wp-json\/wp\/v2\/posts"}],"about":[{"href":"https:\/\/www.europesays.com\/fr\/wp-json\/wp\/v2\/types\/post"}],"author":[{"embeddable":true,"href":"https:\/\/www.europesays.com\/fr\/wp-json\/wp\/v2\/users\/2"}],"replies":[{"embeddable":true,"href":"https:\/\/www.europesays.com\/fr\/wp-json\/wp\/v2\/comments?post=527867"}],"version-history":[{"count":0,"href":"https:\/\/www.europesays.com\/fr\/wp-json\/wp\/v2\/posts\/527867\/revisions"}],"wp:featuredmedia":[{"embeddable":true,"href":"https:\/\/www.europesays.com\/fr\/wp-json\/wp\/v2\/media\/527868"}],"wp:attachment":[{"href":"https:\/\/www.europesays.com\/fr\/wp-json\/wp\/v2\/media?parent=527867"}],"wp:term":[{"taxonomy":"category","embeddable":true,"href":"https:\/\/www.europesays.com\/fr\/wp-json\/wp\/v2\/categories?post=527867"},{"taxonomy":"post_tag","embeddable":true,"href":"https:\/\/www.europesays.com\/fr\/wp-json\/wp\/v2\/tags?post=527867"}],"curies":[{"name":"wp","href":"https:\/\/api.w.org\/{rel}","templated":true}]}}