{"id":527873,"date":"2025-11-11T20:27:25","date_gmt":"2025-11-11T20:27:25","guid":{"rendered":"https:\/\/www.europesays.com\/fr\/527873\/"},"modified":"2025-11-11T20:27:25","modified_gmt":"2025-11-11T20:27:25","slug":"paris-jackson-revele-les-sequelles-physiques-de-sa-consommation-de-drogues","status":"publish","type":"post","link":"https:\/\/www.europesays.com\/fr\/527873\/","title":{"rendered":"Paris Jackson r\u00e9v\u00e8le les s\u00e9quelles physiques de sa consommation de drogues"},"content":{"rendered":"<p>Dans une vid\u00e9o publi\u00e9e sur TikTok lundi 10 novembre 2025, Paris Jackson, la fille du roi de la pop Michael Jackson, a d\u00e9voil\u00e9 une cons\u00e9quence physique que la drogue a eue sur elle. La chanteuse, sobre depuis six ans, en a aussi profit\u00e9 pour faire un peu de pr\u00e9vention.<\/p>\n<p>Une addiction qui lui pourrit encore la vie six ans apr\u00e8s avoir arr\u00eat\u00e9. Lundi 10 novembre 2025, Paris Jackson est revenue sur <a href=\"https:\/\/www.programme-tv.net\/news\/people\/257404-paris-jackson-je-suis-tombee-dans-lautomutilation\/\" data-api-deeplink=\"teleloisirs:\/\/news\/257404\" rel=\"nofollow noopener\" target=\"_blank\">ses addictions<\/a> et les cons\u00e9quences qu&rsquo;elles ont eues dans une vid\u00e9o publi\u00e9e sur son compte TikTok. Elle se confie notamment sur un sujet qu&rsquo;elle \u00ab\u00a0n&rsquo;avait jamais vraiment abord\u00e9\u00a0\u00bb avant : celui d&rsquo;une s\u00e9quelle physique que lui a laiss\u00e9e sa <a href=\"https:\/\/www.programme-tv.net\/news\/people\/388607-ca-pouvait-etre-moi-florent-pagny-se-confie-sur-la-mort-de-son-ami-emporte-par-sa-consommation-de-drogue\/\" data-api-deeplink=\"teleloisirs:\/\/news\/388607\" rel=\"nofollow noopener\" target=\"_blank\">consommation de drogue<\/a>. \u00ab\u00a0J\u2019ai un sifflement tr\u00e8s fort quand je respire par le nez. <b>C\u2019est parce que j\u2019ai une perforation de la cloison nasale<\/b>\u00ab\u00a0, explique <a href=\"https:\/\/www.programme-tv.net\/news\/cinema\/387072-mensonges-ehontes-paris-jackson-en-colere-contre-le-biopic-consacre-a-son-pere-michael-jackson\/\" data-api-deeplink=\"teleloisirs:\/\/news\/387072\" rel=\"nofollow noopener\" target=\"_blank\">la fille du roi de la pop<\/a> en montrant le trou \u00e0 l&rsquo;int\u00e9rieur de son nez. \u00c7a vient bien de ce que vous pensez\u00a0\u00bb, assume-t-elle.<\/p>\n<p>Paris Jackson refuse l&rsquo;op\u00e9ration chirurgicale pour une bonne raison<\/p>\n<p>\u00ab\u00a0Ne vous droguez pas, les enfants\u00a0\u00bb, conseille ensuite la jeune femme de 27 ans, qui a r\u00e9cemment affirm\u00e9 \u00eatre sobre depuis six ans. \u00ab\u00a0[&#8230;] Je ne vais dire \u00e0 personne ce qu&rsquo;il doit faire. <b>Je ne le recommande pas parce que \u00e7a a ruin\u00e9 ma vie<\/b>\u00ab\u00a0, reprend-elle. Malgr\u00e9 la possibilit\u00e9 d&rsquo;une chirurgie esth\u00e9tique de reconstruction nasale, <a href=\"https:\/\/www.programme-tv.net\/news\/people\/228265-paris-jackson-hospitalisee-apres-avoir-tente-de-se-suicider-la-fille-de-michael-jackson-dement-de-facon-cinglante\/\" data-api-deeplink=\"teleloisirs:\/\/news\/228265\" rel=\"nofollow noopener\" target=\"_blank\">la chanteuse<\/a> ne souhaite pas entamer la proc\u00e9dure m\u00e9dicale. \u00ab\u00a0Il faut prendre des pilules apr\u00e8s une op\u00e9ration aussi lourde, et je ne veux pas prendre ce risque\u00a0\u00bb, avoue-t-elle. Cependant, ce probl\u00e8me physique lui cause souvent du tort dans sa carri\u00e8re de chanteuse. <b>\u00ab\u00a0Je vis avec \u00e7a depuis que j&rsquo;ai environ 20 ans, et c&rsquo;est vraiment p\u00e9nible quand on est en studio\u00a0\u00bb<\/b>, r\u00e9v\u00e8le-t-elle \u00e9galement dans la vid\u00e9o.<\/p>\n<p>                        Depuis qu&rsquo;elle est sobre, Paris Jackson a trouv\u00e9 \u00ab\u00a0une meilleure vie\u00a0\u00bb<\/p>\n<p>Le 11 octobre 2025, lors des Friendly House Awards \u00e0 Los Angeles, la fille de <a href=\"https:\/\/www.programme-tv.net\/biographie\/45558-jackson-michael\/\" data-link-people=\"98b4f0f2-59bc-4156-bbde-26707777bd18\" rel=\"nofollow noopener\" target=\"_blank\">Michael Jackson<\/a> avait d\u00e9clar\u00e9 : \u00ab\u00a0Je n\u2019ai pas seulement r\u00e9cup\u00e9r\u00e9 ma vie, j\u2019en ai trouv\u00e9 une meilleure\u00a0\u00bb. Elle avait ensuite compar\u00e9 sa sobri\u00e9t\u00e9 \u00e0 un accident de voiture. \u00ab\u00a0Tout ce que j&rsquo;avais entass\u00e9 sur le si\u00e8ge arri\u00e8re a \u00e9t\u00e9 projet\u00e9 vers l&rsquo;avant lors de l&rsquo;impact, et aujourd&rsquo;hui, j&rsquo;apprends \u00e0 naviguer dans la vie telle qu&rsquo;elle est\u00a0\u00bb, d\u00e9taillait-elle, tourn\u00e9e vers l&rsquo;avenir.<\/p>\n<blockquote class=\"tiktok-embed\" cite=\"https:\/\/www.tiktok.com\/@parisjacksonbrasil\/video\/7570873760492817671\" data-video-id=\"7570873760492817671\" data-embed-from=\"oembed\" style=\"max-width:605px; min-width:325px;\"><p>  <a target=\"_blank\" title=\"@parisjacksonbrasil\" href=\"https:\/\/www.tiktok.com\/@parisjacksonbrasil?refer=embed\" rel=\"nofollow noopener\">@parisjacksonbrasil<\/a> <\/p>\n<p><a title=\"parisjackson\" target=\"_blank\" href=\"https:\/\/www.tiktok.com\/tag\/parisjackson?refer=embed\" rel=\"nofollow noopener\">#parisjackson<\/a> <a title=\"lifestyle\" target=\"_blank\" href=\"https:\/\/www.tiktok.com\/tag\/lifestyle?refer=embed\" rel=\"nofollow noopener\">#lifestyle<\/a> <\/p>\n<p> <a target=\"_blank\" title=\"\u266c som original - user90878356587\" href=\"https:\/\/www.tiktok.com\/music\/som-original-7570873816344169217?refer=embed\" rel=\"nofollow noopener\">\u266c som original &#8211; user90878356587<\/a>  <\/p><\/blockquote>\n<p>Article \u00e9crit en collaboration avec 6Medias<\/p>\n<p>        <script async src=\"\/\/www.tiktok.com\/embed.js\"><\/script><\/p>\n","protected":false},"excerpt":{"rendered":"Dans une vid\u00e9o publi\u00e9e sur TikTok lundi 10 novembre 2025, Paris Jackson, la fille du roi de la&hellip;\n","protected":false},"author":2,"featured_media":527874,"comment_status":"","ping_status":"","sticky":false,"template":"","format":"standard","meta":{"footnotes":""},"categories":[1888],"tags":[1111,1928,11,1927,244,9260,1052,1777,674,1011,27,12,1926,626,42953,1925,25],"class_list":{"0":"post-527873","1":"post","2":"type-post","3":"status-publish","4":"format-standard","5":"has-post-thumbnail","7":"category-paris","8":"tag-actu","9":"tag-actu-paris","10":"tag-actualites","11":"tag-actualites-paris","12":"tag-commentaire","13":"tag-confidences","14":"tag-drogue","15":"tag-eu","16":"tag-europe","17":"tag-fr","18":"tag-france","19":"tag-news","20":"tag-news-paris","21":"tag-paris","22":"tag-paris-jackson","23":"tag-paris-news","24":"tag-republique-francaise"},"share_on_mastodon":{"url":"https:\/\/pubeurope.com\/@fr\/115532951999121304","error":""},"_links":{"self":[{"href":"https:\/\/www.europesays.com\/fr\/wp-json\/wp\/v2\/posts\/527873","targetHints":{"allow":["GET"]}}],"collection":[{"href":"https:\/\/www.europesays.com\/fr\/wp-json\/wp\/v2\/posts"}],"about":[{"href":"https:\/\/www.europesays.com\/fr\/wp-json\/wp\/v2\/types\/post"}],"author":[{"embeddable":true,"href":"https:\/\/www.europesays.com\/fr\/wp-json\/wp\/v2\/users\/2"}],"replies":[{"embeddable":true,"href":"https:\/\/www.europesays.com\/fr\/wp-json\/wp\/v2\/comments?post=527873"}],"version-history":[{"count":0,"href":"https:\/\/www.europesays.com\/fr\/wp-json\/wp\/v2\/posts\/527873\/revisions"}],"wp:featuredmedia":[{"embeddable":true,"href":"https:\/\/www.europesays.com\/fr\/wp-json\/wp\/v2\/media\/527874"}],"wp:attachment":[{"href":"https:\/\/www.europesays.com\/fr\/wp-json\/wp\/v2\/media?parent=527873"}],"wp:term":[{"taxonomy":"category","embeddable":true,"href":"https:\/\/www.europesays.com\/fr\/wp-json\/wp\/v2\/categories?post=527873"},{"taxonomy":"post_tag","embeddable":true,"href":"https:\/\/www.europesays.com\/fr\/wp-json\/wp\/v2\/tags?post=527873"}],"curies":[{"name":"wp","href":"https:\/\/api.w.org\/{rel}","templated":true}]}}