{"id":527875,"date":"2025-11-11T20:28:12","date_gmt":"2025-11-11T20:28:12","guid":{"rendered":"https:\/\/www.europesays.com\/fr\/527875\/"},"modified":"2025-11-11T20:28:12","modified_gmt":"2025-11-11T20:28:12","slug":"conditions-indignes-hygiene-deplorable-immersion-au-depot-du-tribunal-de-bobigny-apres-les-accusations-de-viols","status":"publish","type":"post","link":"https:\/\/www.europesays.com\/fr\/527875\/","title":{"rendered":"Conditions \u00ab\u00a0indignes\u00a0\u00bb, hygi\u00e8ne d\u00e9plorable\u00a0: immersion au d\u00e9p\u00f4t du tribunal de Bobigny apr\u00e8s les accusations de viols"},"content":{"rendered":"<p class=\"paragraph text_align_left lp-f-body-02\">\u00ab C\u2019est abject. Nous condamnons tous fermement les faits. Cette femme \u00e9tait <a href=\"https:\/\/www.leparisien.fr\/faits-divers\/policiers-soupconnes-de-viol-au-depot-du-tribunal-de-bobigny-il-y-a-un-vrai-defaut-dencadrement-30-10-2025-3X3XRQQSFNFXDHXLYZJAIM3N6Q.php\" target=\"_self\" rel=\"noopener\">sous notre responsabilit\u00e9<\/a>. Il s\u2019agissait de plus d\u2019une personne vuln\u00e9rable \u00bb, r\u00e9agit le policier. En effet, elle pr\u00e9senterait une addiction aux drogues dures. Ce d\u00e9rapage a rejailli sur tout le service : \u00ab D\u00e9j\u00e0 que nous n\u2019avions pas bonne r\u00e9putation. On nous traitait de fachos, de violents et maintenant de violeurs \u00bb, soupire le policier afflig\u00e9.<\/p>\n","protected":false},"excerpt":{"rendered":"\u00ab C\u2019est abject. Nous condamnons tous fermement les faits. Cette femme \u00e9tait sous notre responsabilit\u00e9. Il s\u2019agissait de&hellip;\n","protected":false},"author":2,"featured_media":500805,"comment_status":"","ping_status":"","sticky":false,"template":"","format":"standard","meta":{"footnotes":""},"categories":[1888],"tags":[11,1777,674,118,1011,27,1944,12,626,25,1945],"class_list":{"0":"post-527875","1":"post","2":"type-post","3":"status-publish","4":"format-standard","5":"has-post-thumbnail","7":"category-paris","8":"tag-actualites","9":"tag-eu","10":"tag-europe","11":"tag-faits-divers","12":"tag-fr","13":"tag-france","14":"tag-ma-ville","15":"tag-news","16":"tag-paris","17":"tag-republique-francaise","18":"tag-seine-saint-denis"},"share_on_mastodon":{"url":"https:\/\/pubeurope.com\/@fr\/115532955994790968","error":""},"_links":{"self":[{"href":"https:\/\/www.europesays.com\/fr\/wp-json\/wp\/v2\/posts\/527875","targetHints":{"allow":["GET"]}}],"collection":[{"href":"https:\/\/www.europesays.com\/fr\/wp-json\/wp\/v2\/posts"}],"about":[{"href":"https:\/\/www.europesays.com\/fr\/wp-json\/wp\/v2\/types\/post"}],"author":[{"embeddable":true,"href":"https:\/\/www.europesays.com\/fr\/wp-json\/wp\/v2\/users\/2"}],"replies":[{"embeddable":true,"href":"https:\/\/www.europesays.com\/fr\/wp-json\/wp\/v2\/comments?post=527875"}],"version-history":[{"count":0,"href":"https:\/\/www.europesays.com\/fr\/wp-json\/wp\/v2\/posts\/527875\/revisions"}],"wp:featuredmedia":[{"embeddable":true,"href":"https:\/\/www.europesays.com\/fr\/wp-json\/wp\/v2\/media\/500805"}],"wp:attachment":[{"href":"https:\/\/www.europesays.com\/fr\/wp-json\/wp\/v2\/media?parent=527875"}],"wp:term":[{"taxonomy":"category","embeddable":true,"href":"https:\/\/www.europesays.com\/fr\/wp-json\/wp\/v2\/categories?post=527875"},{"taxonomy":"post_tag","embeddable":true,"href":"https:\/\/www.europesays.com\/fr\/wp-json\/wp\/v2\/tags?post=527875"}],"curies":[{"name":"wp","href":"https:\/\/api.w.org\/{rel}","templated":true}]}}