{"id":527878,"date":"2025-11-11T20:30:17","date_gmt":"2025-11-11T20:30:17","guid":{"rendered":"https:\/\/www.europesays.com\/fr\/527878\/"},"modified":"2025-11-11T20:30:17","modified_gmt":"2025-11-11T20:30:17","slug":"lambassadeur-de-russie-en-australie-en-visite-a-la-paroisse-de-la-sainte-trinite-a-melbourne","status":"publish","type":"post","link":"https:\/\/www.europesays.com\/fr\/527878\/","title":{"rendered":"L\u2019ambassadeur de\u00a0Russie en\u00a0Australie en\u00a0visite \u00e0 la\u00a0paroisse de\u00a0la Sainte-Trinit\u00e9 \u00e0 Melbourne"},"content":{"rendered":"<p>&#13;<br \/>\n <b>Service de communication du DREE, 05.11.2025. <\/b>Le 2 novembre 2025, Mikha\u00efl Petrakov, ambassadeur extraordinaire et pl\u00e9nipotentiaire de la F\u00e9d\u00e9ration de Russie en Australie, a assist\u00e9 \u00e0 la Divine Liturgie dans la paroisse de la Sainte-Trinit\u00e9 du Patriarcat de Moscou \u00e0 Melbourne.&#13;\n<\/p>\n<p>&#13;<\/p>\n<p>&#13;<br \/>\n\t Le recteur, l\u2019archipr\u00eatre Igor Filianovsky, pr\u00e9sidait l\u2019office, conc\u00e9l\u00e9br\u00e9 par le pr\u00eatre L\u00e9onid Mikhe\u00eftchik et le diacre Viatcheslav Ra\u00efkounov.&#13;\n<\/p>\n<p>&#13;<\/p>\n<p>&#13;<br \/>\n\t Le p\u00e8re Igor Filianovsky a ensuite adress\u00e9 un mot de bienvenue \u00e0 l\u2019ambassadeur, le f\u00e9licitant de sa r\u00e9cente nomination et lui souhaitant force et succ\u00e8s au service de la patrie sur le sol australien.&#13;\n<\/p>\n<p>&#13;<\/p>\n<p>&#13;<br \/>\n\t Mikha\u00efl Petrakov a ensuite partag\u00e9 le repas fraternel avec le clerg\u00e9 et les fid\u00e8les, r\u00e9pondant aux questions des compatriotes pr\u00e9sents.&#13;\n<\/p>\n<p>&#13;<\/p>\n","protected":false},"excerpt":{"rendered":"&#13; Service de communication du DREE, 05.11.2025. Le 2 novembre 2025, Mikha\u00efl Petrakov, ambassadeur extraordinaire et pl\u00e9nipotentiaire de&hellip;\n","protected":false},"author":2,"featured_media":248170,"comment_status":"","ping_status":"","sticky":false,"template":"","format":"standard","meta":{"footnotes":""},"categories":[1591],"tags":[11,1887,12,1885,1886,132],"class_list":{"0":"post-527878","1":"post","2":"type-post","3":"status-publish","4":"format-standard","5":"has-post-thumbnail","7":"category-russie","8":"tag-actualites","9":"tag-federation-de-russie","10":"tag-news","11":"tag-russia","12":"tag-russian-federation","13":"tag-russie"},"share_on_mastodon":{"url":"https:\/\/pubeurope.com\/@fr\/115532963792238240","error":""},"_links":{"self":[{"href":"https:\/\/www.europesays.com\/fr\/wp-json\/wp\/v2\/posts\/527878","targetHints":{"allow":["GET"]}}],"collection":[{"href":"https:\/\/www.europesays.com\/fr\/wp-json\/wp\/v2\/posts"}],"about":[{"href":"https:\/\/www.europesays.com\/fr\/wp-json\/wp\/v2\/types\/post"}],"author":[{"embeddable":true,"href":"https:\/\/www.europesays.com\/fr\/wp-json\/wp\/v2\/users\/2"}],"replies":[{"embeddable":true,"href":"https:\/\/www.europesays.com\/fr\/wp-json\/wp\/v2\/comments?post=527878"}],"version-history":[{"count":0,"href":"https:\/\/www.europesays.com\/fr\/wp-json\/wp\/v2\/posts\/527878\/revisions"}],"wp:featuredmedia":[{"embeddable":true,"href":"https:\/\/www.europesays.com\/fr\/wp-json\/wp\/v2\/media\/248170"}],"wp:attachment":[{"href":"https:\/\/www.europesays.com\/fr\/wp-json\/wp\/v2\/media?parent=527878"}],"wp:term":[{"taxonomy":"category","embeddable":true,"href":"https:\/\/www.europesays.com\/fr\/wp-json\/wp\/v2\/categories?post=527878"},{"taxonomy":"post_tag","embeddable":true,"href":"https:\/\/www.europesays.com\/fr\/wp-json\/wp\/v2\/tags?post=527878"}],"curies":[{"name":"wp","href":"https:\/\/api.w.org\/{rel}","templated":true}]}}